{"id":3124,"date":"2026-09-03T10:00:00","date_gmt":"2026-09-03T10:00:00","guid":{"rendered":"https:\/\/huellasdelpasado.eu\/?p=3124"},"modified":"2026-09-03T13:52:55","modified_gmt":"2026-09-03T13:52:55","slug":"fir-bolg-irlanda","status":"publish","type":"post","link":"https:\/\/huellasdelpasado.eu\/en\/fir-bolg-irlanda\/","title":{"rendered":"The Fir Bolg: The People Who Returned to Ireland"},"content":{"rendered":"<style>.kb-image3124_b60312-a9 .kb-image-has-overlay:after{opacity:0.3;}<\/style>\n<figure class=\"wp-block-kadence-image kb-image3124_b60312-a9 alignfull size-full\"><img loading=\"lazy\" decoding=\"async\" width=\"1402\" height=\"1122\" src=\"https:\/\/huellasdelpasado.eu\/wp-content\/uploads\/2026\/07\/cinco-reinos-irlanda-fir-bolg.png\" alt=\"Ilustraci\u00f3n editorial de las cinco coronas del nacimiento de primer reino organizado de Irlanda por los Fir Bolg. \" class=\"kb-img wp-image-3157\" srcset=\"https:\/\/huellasdelpasado.eu\/wp-content\/uploads\/2026\/07\/cinco-reinos-irlanda-fir-bolg.png 1402w, https:\/\/huellasdelpasado.eu\/wp-content\/uploads\/2026\/07\/cinco-reinos-irlanda-fir-bolg-300x240.png 300w, https:\/\/huellasdelpasado.eu\/wp-content\/uploads\/2026\/07\/cinco-reinos-irlanda-fir-bolg-1024x819.png 1024w, https:\/\/huellasdelpasado.eu\/wp-content\/uploads\/2026\/07\/cinco-reinos-irlanda-fir-bolg-768x615.png 768w, https:\/\/huellasdelpasado.eu\/wp-content\/uploads\/2026\/07\/cinco-reinos-irlanda-fir-bolg-15x12.png 15w, https:\/\/huellasdelpasado.eu\/wp-content\/uploads\/2026\/07\/cinco-reinos-irlanda-fir-bolg-1320x1056.png 1320w\" sizes=\"auto, (max-width: 1402px) 100vw, 1402px\" \/><\/figure>\n\n\n\n<p class=\"wp-block-paragraph\">After the disappearance of <strong><a href=\"https:\/\/huellasdelpasado.eu\/en\/nemed-y-los-nemedianos\/\">Nemed's people<\/a><\/strong>, the traditions tell us that the survivors scattered across different regions of the world.<\/p>\n\n\n\n<p class=\"wp-block-paragraph\">One of those groups eventually reached Greece, where they were enslaved for generations.<\/p>\n\n\n\n<p class=\"wp-block-paragraph\">According to the <strong><a href=\"https:\/\/huellasdelpasado.eu\/en\/lebor-gabala-eireann-libro-invasiones-irlanda\/\">Lebor Gab\u00e1la \u00c9renn<\/a><\/strong>(The Book of the Taking of Ireland), their descendants would become known as the <strong>Fir Bolg<\/strong>, the next <a href=\"https:\/\/huellasdelpasado.eu\/en\/invasiones-miticas-de-irlanda\/\">mythical people<\/a> to return and claim Ireland.<\/p>\n\n\n\n<p class=\"wp-block-paragraph\">Although they ruled the island for a time, their destiny would change forever with the arrival of the <strong>Tuatha D\u00e9 Danann<\/strong>.<\/p>\n\n\n\n<h2 class=\"wp-block-heading\">The Meaning of Fir Bolg<\/h2>\n\n\n\n<p class=\"wp-block-paragraph\">According to the <em>Lebor Gab\u00e1la \u00c9renn<\/em>, the traditional explanation of the name is <strong>\"the Men of the Bags,\"<\/strong>since during their slavery in Greece they were supposedly forced to carry soil in large leather sacks.<\/p>\n\n\n\n<p class=\"wp-block-paragraph\">The traditional translation is:<\/p>\n\n\n\n<ul class=\"wp-block-list\">\n<li><strong>Fir<\/strong> = men<\/li>\n\n\n\n<li><strong>Bolg<\/strong> = bags or sacks<\/li>\n<\/ul>\n\n\n\n<p class=\"wp-block-paragraph\">However, most scholars believe that <strong>Bolg<\/strong> may instead refer to the name of an ancient people. Other theories associate them with the <strong>Belgae<\/strong>, a group of tribes that inhabited much of Gaul and southern Britain.<\/p>\n\n\n\n<p class=\"wp-block-paragraph\">To date, none of these theories has been definitively confirmed.<\/p>\n\n\n\n<h2 class=\"wp-block-heading\">Their Origins in Greece<\/h2>\n\n\n\n<p class=\"wp-block-paragraph\">According to the <em>Lebor Gab\u00e1la \u00c9renn<\/em>, the Fir Bolg were descendants of Nemed's people.&nbsp;<\/p>\n\n\n\n<p class=\"wp-block-paragraph\">Tras enfrentarse a los fomorianos, Nemed y su pueblo fueron derrotados. Los supervivientes abandonaron Irlanda y se dispersaron en varias direcciones. Uno de aquellos grupos lleg\u00f3 a Grecia, donde fue esclavizado durante generaciones.<\/p>\n\n\n<style>.kb-image3124_a1a0bb-75 .kb-image-has-overlay:after{opacity:0.3;}<\/style>\n<div class=\"wp-block-kadence-image kb-image3124_a1a0bb-75\"><figure class=\"aligncenter size-medium_large\"><a href=\"https:\/\/huellasdelpasado.eu\/wp-content\/uploads\/2026\/07\/fir-bolg-origen-grecia.png\" class=\"kb-advanced-image-link\" aria-label=\"fir-bolg-origen-en-grecia\"><img loading=\"lazy\" decoding=\"async\" width=\"768\" height=\"615\" src=\"https:\/\/huellasdelpasado.eu\/wp-content\/uploads\/2026\/07\/fir-bolg-origen-grecia-768x615.png\" alt=\"Antepasados de los Fir Bolg transportando grandes sacos de tierra en la antigua Grecia, durante su esclavitud.\" class=\"kb-img wp-image-3161\" srcset=\"https:\/\/huellasdelpasado.eu\/wp-content\/uploads\/2026\/07\/fir-bolg-origen-grecia-768x615.png 768w, https:\/\/huellasdelpasado.eu\/wp-content\/uploads\/2026\/07\/fir-bolg-origen-grecia-300x240.png 300w, https:\/\/huellasdelpasado.eu\/wp-content\/uploads\/2026\/07\/fir-bolg-origen-grecia-1024x819.png 1024w, https:\/\/huellasdelpasado.eu\/wp-content\/uploads\/2026\/07\/fir-bolg-origen-grecia-15x12.png 15w, https:\/\/huellasdelpasado.eu\/wp-content\/uploads\/2026\/07\/fir-bolg-origen-grecia-1320x1056.png 1320w, https:\/\/huellasdelpasado.eu\/wp-content\/uploads\/2026\/07\/fir-bolg-origen-grecia.png 1402w\" sizes=\"auto, (max-width: 768px) 100vw, 768px\" \/><\/a><\/figure><\/div>\n\n\n\n<p class=\"wp-block-paragraph\">Over time, their descendants became known as the Fir Bolg.&nbsp;<\/p>\n\n\n\n<h2 class=\"wp-block-heading\">The Return to Ireland<\/h2>\n\n\n\n<p class=\"wp-block-paragraph\">After escaping from Greece, they returned to Ireland.&nbsp;<\/p>\n\n\n\n<p class=\"wp-block-paragraph\">For the first time, they found the island deserted. They did not have to conquer it.<\/p>\n\n\n\n<p class=\"wp-block-paragraph\">They simply settled there.<\/p>\n\n\n<style>.kb-image3124_8f9a0a-17 .kb-image-has-overlay:after{opacity:0.3;}<\/style>\n<div class=\"wp-block-kadence-image kb-image3124_8f9a0a-17\"><figure class=\"aligncenter size-medium_large\"><a href=\"https:\/\/huellasdelpasado.eu\/wp-content\/uploads\/2026\/07\/fir-bolg.png\" class=\"kb-advanced-image-link\" aria-label=\"fir-bolg-regreso-irlanda\"><img loading=\"lazy\" decoding=\"async\" width=\"768\" height=\"447\" src=\"https:\/\/huellasdelpasado.eu\/wp-content\/uploads\/2026\/07\/fir-bolg-768x447.png\" alt=\"Fir Bolg desembarcando en Irlanda iniciando una nueva vida tras abandonar Grecia.\" class=\"kb-img wp-image-3159\" srcset=\"https:\/\/huellasdelpasado.eu\/wp-content\/uploads\/2026\/07\/fir-bolg-768x447.png 768w, https:\/\/huellasdelpasado.eu\/wp-content\/uploads\/2026\/07\/fir-bolg-300x175.png 300w, https:\/\/huellasdelpasado.eu\/wp-content\/uploads\/2026\/07\/fir-bolg-1024x596.png 1024w, https:\/\/huellasdelpasado.eu\/wp-content\/uploads\/2026\/07\/fir-bolg-1536x895.png 1536w, https:\/\/huellasdelpasado.eu\/wp-content\/uploads\/2026\/07\/fir-bolg-18x10.png 18w, https:\/\/huellasdelpasado.eu\/wp-content\/uploads\/2026\/07\/fir-bolg-1320x769.png 1320w, https:\/\/huellasdelpasado.eu\/wp-content\/uploads\/2026\/07\/fir-bolg.png 1643w\" sizes=\"auto, (max-width: 768px) 100vw, 768px\" \/><\/a><\/figure><\/div>\n\n\n\n<h2 class=\"wp-block-heading\">The Five Provinces<\/h2>\n\n\n\n<p class=\"wp-block-paragraph\">According to the <em>Lebor Gab\u00e1la \u00c9renn<\/em>, the Fir Bolg were the first to divide Ireland into five great provinces, a territorial organization that, although modified over time, remained part of Irish tradition for centuries.<\/p>\n\n\n\n<p class=\"wp-block-paragraph\">According to the <em>Lebor Gab\u00e1la \u00c9renn<\/em>, <strong>Dela<\/strong> as one of the most important ancestors of the Fir Bolg after their arrival from Greece.<\/p>\n\n\n\n<p class=\"wp-block-paragraph\">Tradition states that he divided the island among his five sons:&nbsp;<\/p>\n\n\n\n<ul class=\"wp-block-list\">\n<li><strong>Ulster (north)<\/strong> \u2192 Rudraige<\/li>\n\n\n\n<li><strong>Leinster (east)<\/strong> \u2192 Sengann<\/li>\n\n\n\n<li><strong>Munster (south)<\/strong> \u2192 Genann<\/li>\n\n\n\n<li><strong>Connacht (west)<\/strong> \u2192 Gann<\/li>\n\n\n\n<li><strong>Meath (center)<\/strong> \u2192 Sl\u00e1ine<\/li>\n<\/ul>\n\n\n\n<p class=\"wp-block-paragraph\">Tradition regards them as the <strong>first rulers of Ireland's five provinces.<\/strong><\/p>\n\n\n\n<h3 class=\"wp-block-heading\">Meaning of the Five Traditional Provinces<\/h3>\n\n\n\n<ul class=\"wp-block-list\">\n<li><strong>Ulster<\/strong>derives from the ancient kingdom of the <strong>Ulaid.<\/strong><\/li>\n\n\n\n<li><strong>Leinster<\/strong>takes its name from the <strong>Laigin people.<\/strong><\/li>\n\n\n\n<li><strong>Munster<\/strong>takes its name from the <strong>Mumu people.<\/strong><\/li>\n\n\n\n<li><strong>Connacht<\/strong>is named after the Connachta, the legendary descendants of Conn C\u00e9tchathach.<\/li>\n\n\n\n<li><strong>Meath<\/strong>comes from the Old Irish word <strong>Mide<\/strong>, meaning <em>\"the middle,\"<\/em>since it occupied the center of the island.<\/li>\n<\/ul>\n\n\n\n<p class=\"wp-block-paragraph\">Their symbolic center of power was established at <strong>Tara (Teamhair)<\/strong>, an ancient ceremonial hill that had already been regarded as a sacred place long before their arrival. Over the centuries, the <strong>Tuatha D\u00e9 Danann<\/strong>, the <strong>Milesians<\/strong> and the <strong>historical High Kings of Ireland<\/strong> also adopted Tara as the symbol of sovereignty, making it one of the most sacred and iconic places in Irish tradition.&nbsp;<\/p>\n\n\n\n<p class=\"wp-block-paragraph\">Several medieval texts mention different rulers associated with the five provinces, although <strong>Eochaid mac Eirc is the king who receives the greatest prominence.<\/strong><\/p>\n\n\n\n<p class=\"wp-block-paragraph\">Tradition credits the Fir Bolg with organizing the island and establishing the first great organized kingdom of Irish mythology.&nbsp;<\/p>\n\n\n\n<h2 class=\"wp-block-heading\">Notable Figures<\/h2>\n\n\n\n<h3 class=\"wp-block-heading\">The First Five Provincial Rulers<\/h3>\n\n\n\n<ul class=\"wp-block-list\">\n<li><strong>Gann<\/strong>\u2013 ruler associated with Connacht.<\/li>\n\n\n\n<li><strong>Genann<\/strong>\u2013 appears as High King in some genealogies.<\/li>\n\n\n\n<li><strong>Sengann<\/strong>\u2013 succeeds Genann as High King in certain traditions.<\/li>\n\n\n\n<li><strong>Rudraige<\/strong>\u2013 associated with the Ulster Cycle and considered by some traditions to be the legendary ancestor of later dynasties.<\/li>\n\n\n\n<li><strong>Sl\u00e1ine<\/strong>\u2013 described in some versions as the first High King of the Fir Bolg after Ireland was divided.<\/li>\n<\/ul>\n\n\n<style>.kb-image3124_a1a11b-f4 .kb-image-has-overlay:after{opacity:0.3;}<\/style>\n<div class=\"wp-block-kadence-image kb-image3124_a1a11b-f4\"><figure class=\"aligncenter size-medium_large\"><a href=\"https:\/\/huellasdelpasado.eu\/wp-content\/uploads\/2026\/07\/cinco-hijos-dela-fir-bolg.png\" class=\"kb-advanced-image-link\" aria-label=\"cinco-reinos-fir-bolg\"><img loading=\"lazy\" decoding=\"async\" width=\"768\" height=\"615\" src=\"https:\/\/huellasdelpasado.eu\/wp-content\/uploads\/2026\/07\/cinco-hijos-dela-fir-bolg-768x615.png\" alt=\"Los cinco hijos de Dela dividiendo la isla de Irlanda en cinco provincias.\" class=\"kb-img wp-image-3163\" srcset=\"https:\/\/huellasdelpasado.eu\/wp-content\/uploads\/2026\/07\/cinco-hijos-dela-fir-bolg-768x615.png 768w, https:\/\/huellasdelpasado.eu\/wp-content\/uploads\/2026\/07\/cinco-hijos-dela-fir-bolg-300x240.png 300w, https:\/\/huellasdelpasado.eu\/wp-content\/uploads\/2026\/07\/cinco-hijos-dela-fir-bolg-1024x819.png 1024w, https:\/\/huellasdelpasado.eu\/wp-content\/uploads\/2026\/07\/cinco-hijos-dela-fir-bolg-15x12.png 15w, https:\/\/huellasdelpasado.eu\/wp-content\/uploads\/2026\/07\/cinco-hijos-dela-fir-bolg-1320x1056.png 1320w, https:\/\/huellasdelpasado.eu\/wp-content\/uploads\/2026\/07\/cinco-hijos-dela-fir-bolg.png 1402w\" sizes=\"auto, (max-width: 768px) 100vw, 768px\" \/><\/a><\/figure><\/div>\n\n\n\n<h3 class=\"wp-block-heading\">The Last King of the Fir Bolg<\/h3>\n\n\n\n<p class=\"wp-block-paragraph\"><strong>Eochaid mac Eirc<\/strong> was the last independent High King of the Fir Bolg.&nbsp;<\/p>\n\n\n\n<p class=\"wp-block-paragraph\">During the <strong>First Battle of Mag Tuired<\/strong> , he fought against <strong>Nuada Airgetl\u00e1m<\/strong>Nuada eventually killed Eochaid, but before dying, the Fir Bolg king struck off Nuada's arm with a single blow of his axe.<\/p>\n\n\n\n<p class=\"wp-block-paragraph\">With Eochaid's death, the independent rule of the Fir Bolg came to an end.<\/p>\n\n\n\n<h3 class=\"wp-block-heading\">Sreng<\/h3>\n\n\n\n<p class=\"wp-block-paragraph\">Among their warriors, <strong>Sreng<\/strong>stood out as one of the Fir Bolg's greatest champions.&nbsp;<\/p>\n\n\n\n<p class=\"wp-block-paragraph\">Tradition describes him as a warrior of immense strength. The best-known version credits him with delivering the blow that severed Nuada's arm during the First Battle of Mag Tuired.<\/p>\n\n\n\n<p class=\"wp-block-paragraph\">He was said to wield a massive spear, although it was not a magical weapon.<\/p>\n\n\n\n<p class=\"wp-block-paragraph\">He became so respected for his honor that even the Tuatha D\u00e9 Danann admired him.<\/p>\n\n\n\n<h3 class=\"wp-block-heading\">The Legend of Galvia<\/h3>\n\n\n\n<p class=\"wp-block-paragraph\">A later medieval tradition identifies <strong>Galvia (Gaillimh)<\/strong> as either the daughter or an important member of the Fir Bolg. In some versions, <strong>Breasal<\/strong> is named as her father.<\/p>\n\n\n\n<p class=\"wp-block-paragraph\">According to the legend, she drowned, to the river, the bay, and eventually the city of <strong>Galway<\/strong> giving her name.&nbsp;<\/p>\n\n\n<style>.kb-image3124_e57202-05 .kb-image-has-overlay:after{opacity:0.3;}<\/style>\n<div class=\"wp-block-kadence-image kb-image3124_e57202-05\"><figure class=\"aligncenter size-medium_large\"><a href=\"https:\/\/huellasdelpasado.eu\/wp-content\/uploads\/2026\/07\/leyenda-galvia.png\" class=\"kb-advanced-image-link\" aria-label=\"leyenda-galvia\"><img loading=\"lazy\" decoding=\"async\" width=\"768\" height=\"615\" src=\"https:\/\/huellasdelpasado.eu\/wp-content\/uploads\/2026\/07\/leyenda-galvia-768x615.png\" alt=\"Seg\u00fan la leyenda el origen de Galaway en Irlanda recibi\u00f3 su nombre de Galvia, perteneciente a los Fir Bolg.\" class=\"kb-img wp-image-3165\" srcset=\"https:\/\/huellasdelpasado.eu\/wp-content\/uploads\/2026\/07\/leyenda-galvia-768x615.png 768w, https:\/\/huellasdelpasado.eu\/wp-content\/uploads\/2026\/07\/leyenda-galvia-300x240.png 300w, https:\/\/huellasdelpasado.eu\/wp-content\/uploads\/2026\/07\/leyenda-galvia-1024x819.png 1024w, https:\/\/huellasdelpasado.eu\/wp-content\/uploads\/2026\/07\/leyenda-galvia-15x12.png 15w, https:\/\/huellasdelpasado.eu\/wp-content\/uploads\/2026\/07\/leyenda-galvia-1320x1056.png 1320w, https:\/\/huellasdelpasado.eu\/wp-content\/uploads\/2026\/07\/leyenda-galvia.png 1402w\" sizes=\"auto, (max-width: 768px) 100vw, 768px\" \/><\/a><\/figure><\/div>\n\n\n\n<h2 class=\"wp-block-heading\">The First Battle of Mag Tuired<\/h2>\n\n\n\n<p class=\"wp-block-paragraph\">According to the <em>Lebor Gab\u00e1la \u00c9renn<\/em>, the Fir Bolg ruled Ireland for thirty-seven years before the arrival of the <strong>Tuatha D\u00e9 Danann<\/strong>.<\/p>\n\n\n\n<p class=\"wp-block-paragraph\">When the Tuatha D\u00e9 Danann reached Ireland, they proposed sharing the island with the Fir Bolg.&nbsp;<\/p>\n\n\n\n<p class=\"wp-block-paragraph\">The offer was rejected, and the <strong>First Battle of Mag Tuired<\/strong>began. The Tuatha D\u00e9 Danann emerged victorious, although their king <strong>Nuada Airgetl\u00e1msalen<\/strong>, lost an arm during the battle.&nbsp;<\/p>\n\n\n\n<p class=\"wp-block-paragraph\">Despite their defeat, tradition says the Fir Bolg retained part of Ireland. Some versions relate that Nuada offered Sreng the rule of a portion of the island as a gesture of reconciliation. The medieval texts state that the Fir Bolg remained mainly in <strong>Connacht<\/strong>, and for centuries many families in western Ireland claimed descent from them.<\/p>\n\n\n\n<p class=\"wp-block-paragraph\">Nuada was proclaimed High King of Ireland, and although the Fir Bolg continued to exist, they no longer ruled the island.<\/p>\n\n\n\n<h2 class=\"wp-block-heading\">The arrival of the Milesians<\/h2>\n\n\n\n<p class=\"wp-block-paragraph\">Some time later, <strong>the Milesians arrived.<\/strong><\/p>\n\n\n\n<p class=\"wp-block-paragraph\">Following the war between the two peoples, the Tuatha D\u00e9 Danann and the Milesians reached an agreement: the Tuatha would dwell within the <a href=\"https:\/\/huellasdelpasado.eu\/en\/los-sidhe-y-las-puertas-al-otro-mundo\/\"><strong>s\u00eddhe hill<\/strong><\/a><strong> <\/strong>and the <a href=\"https:\/\/huellasdelpasado.eu\/en\/otro-mundo-celta-luagres\/\"><strong>Otherworld<\/strong><\/a>, while the Milesians would inherit the visible world.<\/p>\n\n\n\n<p class=\"wp-block-paragraph\">According to medieval tradition, the Fir Bolg lived peacefully alongside the Milesians after these events.<\/p>\n\n\n\n<h2 class=\"wp-block-heading\">Curiosities<\/h2>\n\n\n\n<h3 class=\"wp-block-heading\">Kings Crowned at Tara<\/h3>\n\n\n\n<p class=\"wp-block-paragraph\">Centuries later, the High Kings of Ireland continued to be crowned at Tara, preserving the symbolic prestige that the site had enjoyed since ancient times.<\/p>\n\n\n<style>.kb-image3124_eb885b-9a .kb-image-has-overlay:after{opacity:0.3;}<\/style>\n<div class=\"wp-block-kadence-image kb-image3124_eb885b-9a\"><figure class=\"aligncenter size-medium_large\"><a href=\"https:\/\/huellasdelpasado.eu\/wp-content\/uploads\/2026\/07\/colina-tara-lia-fail.png\" class=\"kb-advanced-image-link\" aria-label=\"colina-de-tara-lia-fail\"><img loading=\"lazy\" decoding=\"async\" width=\"768\" height=\"615\" src=\"https:\/\/huellasdelpasado.eu\/wp-content\/uploads\/2026\/07\/colina-tara-lia-fail-768x615.png\" alt=\"L\u00eda F\u00e1il sobre la colina de Tara, s\u00edmbolo de soberan\u00eda y poder en la tradici\u00f3n irlandesa.\" class=\"kb-img wp-image-3167\" srcset=\"https:\/\/huellasdelpasado.eu\/wp-content\/uploads\/2026\/07\/colina-tara-lia-fail-768x615.png 768w, https:\/\/huellasdelpasado.eu\/wp-content\/uploads\/2026\/07\/colina-tara-lia-fail-300x240.png 300w, https:\/\/huellasdelpasado.eu\/wp-content\/uploads\/2026\/07\/colina-tara-lia-fail-1024x819.png 1024w, https:\/\/huellasdelpasado.eu\/wp-content\/uploads\/2026\/07\/colina-tara-lia-fail-15x12.png 15w, https:\/\/huellasdelpasado.eu\/wp-content\/uploads\/2026\/07\/colina-tara-lia-fail-1320x1056.png 1320w, https:\/\/huellasdelpasado.eu\/wp-content\/uploads\/2026\/07\/colina-tara-lia-fail.png 1402w\" sizes=\"auto, (max-width: 768px) 100vw, 768px\" \/><\/a><\/figure><\/div>\n\n\n\n<h3 class=\"wp-block-heading\">Place Names<\/h3>\n\n\n\n<p class=\"wp-block-paragraph\">Many Irish rivers, mountains, hills, bays, and even islands preserve legends connected with Fir Bolg figures.<\/p>\n\n\n\n<p class=\"wp-block-paragraph\">One example is:<\/p>\n\n\n\n<ul class=\"wp-block-list\">\n<li><strong>Galway<\/strong>, whose name tradition links to Galvia (Gaillimh).<\/li>\n<\/ul>\n\n\n\n<h3 class=\"wp-block-heading\">Places Older Than the Myths<\/h3>\n\n\n\n<p class=\"wp-block-paragraph\">Many of the places associated today with the Fir Bolg are actually far older than the medieval legends themselves.<\/p>\n\n\n\n<p class=\"wp-block-paragraph\">Archaeologists believe several of these sites were built thousands of years before the stories recorded in the <em>Lebor Gab\u00e1la \u00c9renn<\/em>.<\/p>\n\n\n\n<p class=\"wp-block-paragraph\">Among the most notable are:<\/p>\n\n\n\n<ul class=\"wp-block-list\">\n<li><strong>D\u00fan Aonghasa (Inis M\u00f3r)<\/strong>: archaeological evidence indicates that this spectacular stone fort is over <strong>3,000 years old<\/strong> , centuries older than the medieval manuscripts.<\/li>\n\n\n\n<li><strong>Hill of Tara (Teamhair na R\u00ed \u2013 \"Hill of the Kings\")<\/strong>: located in County Meath, where archaeological remains dating back around <strong>5,000 years have been discovered.<\/strong><\/li>\n<\/ul>\n\n\n\n<h2 class=\"wp-block-heading\">A Kingdom Between Legend and History<\/h2>\n\n\n\n<p class=\"wp-block-paragraph\">The Fir Bolg represent human order. They are neither forces of chaos like the Fomorians nor divine beings like the Tuatha D\u00e9 Danann.&nbsp;<\/p>\n\n\n\n<p class=\"wp-block-paragraph\">Tradition presents them as the people who organized the land, established a stable kingdom, and laid the foundations of Ireland's first great political order.<\/p>\n\n\n\n<p class=\"wp-block-paragraph\">They represent the first organized kingdom described in Irish mythological tradition, leaving a legacy that remained woven into Ireland's landscape and collective memory for centuries.<\/p>\n\n\n\n<h2 class=\"wp-block-heading\">Follow the Footprints<\/h2>\n\n\n\n<h3 class=\"wp-block-heading\">Visit It Today...<\/h3>\n\n\n\n<p class=\"wp-block-paragraph\">There are still many places in Ireland closely connected with <a href=\"https:\/\/huellasdelpasado.eu\/en\/mitologia-celta\/\">Celtic mythology<\/a> and the traditions surrounding the Fir Bolg.&nbsp;<\/p>\n\n\n\n<h4 class=\"wp-block-heading\"><strong><a href=\"https:\/\/discovercong.com\/\" target=\"_blank\" rel=\"noopener\">Cong<\/a> (Condado de Mayo)<\/strong><\/h4>\n\n\n\n<p class=\"wp-block-paragraph\">Traditionally associated with the First Battle of Mag Tuired.<\/p>\n\n\n\n<p class=\"wp-block-paragraph\">Here stands <strong>Ballymagibbon Cairn<\/strong>, a stone cairn that tradition attributes to the Fir Bolg. According to legend, after the first day of battle against the Tuatha D\u00e9 Danann, each warrior carried a stone and the head of a fallen enemy to build the monument.<\/p>\n\n\n\n<h4 class=\"wp-block-heading\"><strong><a href=\"https:\/\/www.discoverireland.ie\/galway\/lough-corrib\" target=\"_blank\" rel=\"noopener\">Lough Corrib<\/a><\/strong><\/h4>\n\n\n\n<p class=\"wp-block-paragraph\">Located near the traditional site of the battle.&nbsp;<\/p>\n\n\n\n<p class=\"wp-block-paragraph\">The Plain of<strong> Moytura<\/strong> is identified in the medieval texts as the setting for the four-day conflict between the Fir Bolg and the Tuatha D\u00e9 Danann.&nbsp;<\/p>\n\n\n\n<p class=\"wp-block-paragraph\">The <strong>River Corrib<\/strong> is also closely linked to the legend of Gaillimh, daughter of Breasal, a mythical Fir Bolg ruler who is said to have drowned in its waters.<\/p>\n\n\n\n<h4 class=\"wp-block-heading\"><strong><a href=\"https:\/\/heritageireland.ie\/places-to-visit\/hill-of-tara\/\" target=\"_blank\" rel=\"noopener\"><strong>Hill of Tara<\/strong><\/a><strong> (County Meath)<\/strong><\/strong><\/h4>\n\n\n\n<p class=\"wp-block-paragraph\">Ireland's ancient ceremonial center and enduring symbol of sovereignty.&nbsp;<\/p>\n\n\n\n<p class=\"wp-block-paragraph\">Its principal monuments include:<\/p>\n\n\n\n<ul class=\"wp-block-list\">\n<li><strong>Lia F\u00e1il<\/strong> (Stone of Destiny), one of the Four Treasures of the Tuatha D\u00e9 Danann.<\/li>\n\n\n\n<li><strong>R\u00e1th na R\u00edogh<\/strong> (Fort of the Kings).<\/li>\n\n\n\n<li><strong>Teach Chormaic<\/strong> (Cormac's House).<\/li>\n\n\n\n<li><strong>Forradh<\/strong>, where the Lia F\u00e1il stands.<\/li>\n<\/ul>\n\n\n\n<h4 class=\"wp-block-heading\"><strong>Connacht<\/strong><\/h4>\n\n\n\n<p class=\"wp-block-paragraph\">Tradition identifies this province as the territory the Fir Bolg retained after their defeat by the Tuatha D\u00e9 Danann.<\/p>\n\n\n\n<h4 class=\"wp-block-heading\"><strong>Galway Bay (County Galway)<\/strong><\/h4>\n\n\n\n<p class=\"wp-block-paragraph\">Located on Ireland's western coast, between County Galway and the Burren region of County Clare.<\/p>\n\n\n\n<p class=\"wp-block-paragraph\">According to the <em>Lebor Gab\u00e1la \u00c9renn<\/em>, this territory was ruled by Gann, son of Dela.&nbsp;&nbsp;<\/p>\n\n\n\n<p class=\"wp-block-paragraph\">It is also associated with the legend of Princess Galvia (Gaillimh), one of the Fir Bolg.&nbsp;<\/p>\n\n\n\n<h4 class=\"wp-block-heading\"><strong>Aran Islands<\/strong><\/h4>\n\n\n\n<p class=\"wp-block-paragraph\">The <a href=\"https:\/\/www.aranislands.ie\/\" target=\"_blank\" rel=\"noopener\"><strong>Aran Islands<\/strong><\/a> The Aran Islands preserve some of Ireland's most spectacular prehistoric stone forts.&nbsp;<\/p>\n\n\n\n<p class=\"wp-block-paragraph\">Medieval tradition associated several of them with the Fir Bolg, especially D\u00fan Aonghasa, D\u00fan D\u00fachathair, and D\u00fan Conor, although archaeology shows they were built thousands of years before the medieval legends.<\/p>\n\n\n\n<ul class=\"wp-block-list\">\n<li><strong>D\u00fan Aonghasa (Inis M\u00f3r)<\/strong>: perched dramatically on the edge of towering Atlantic cliffs, this prehistoric fort features massive concentric dry-stone walls and a defensive field of stone spikes (<em>chevaux-de-frise<\/em>). Tradition attributes its construction to the legendary king <strong>Aonghus mac \u00damh\u00f3r<\/strong>, associated with the Fir Bolg, who is said to have built the fortress after his defeat by the Tuatha D\u00e9 Danann.&nbsp;<\/li>\n<\/ul>\n\n\n\n<ul class=\"wp-block-list\">\n<li><strong>D\u00fan D\u00fachathair (The Black Fort<\/strong>: also on Inis M\u00f3r, standing on a rocky headland surrounded by the Atlantic Ocean. Tradition links it to the descendants of the Fir Bolg.&nbsp;<\/li>\n\n\n\n<li><strong>D\u00fan Eoghnachta <\/strong>and<strong> D\u00fan Onacht<\/strong>: fortificaciones circulares (<em>ringforts<\/em>) located inland on Inis M\u00f3r.&nbsp;&nbsp;<\/li>\n\n\n\n<li><strong>D\u00fan Conor (D\u00fan Chonch\u00fair): <\/strong>: situated at the highest point of Inis Me\u00e1in, with walls reaching up to seven meters in height and magnificent views across the islands.&nbsp;<\/li>\n<\/ul>\n\n\n\n<h4 class=\"wp-block-heading\"><a href=\"https:\/\/www.museum.ie\/en-ie\/home\" target=\"_blank\" rel=\"noopener\"><strong>National Museum of Ireland<\/strong><\/a><\/h4>\n\n\n\n<p class=\"wp-block-paragraph\">Home to one of the country's most important collections dedicated to Irish history, archaeology, and mythology.<\/p>\n\n\n\n<p class=\"wp-block-paragraph\"><\/p>","protected":false},"excerpt":{"rendered":"<p>Despu\u00e9s de la desaparici\u00f3n del pueblo de Nemed, las tradiciones cuentan que los supervivientes se dispersaron por diferentes regiones del [&hellip;]<\/p>\n","protected":false},"author":1,"featured_media":3157,"comment_status":"closed","ping_status":"closed","sticky":false,"template":"","format":"standard","meta":{"site-sidebar-layout":"default","site-content-layout":"","ast-site-content-layout":"default","site-content-style":"default","site-sidebar-style":"default","ast-global-header-display":"","ast-banner-title-visibility":"","ast-main-header-display":"","ast-hfb-above-header-display":"","ast-hfb-below-header-display":"","ast-hfb-mobile-header-display":"","site-post-title":"","ast-breadcrumbs-content":"","ast-featured-img":"","footer-sml-layout":"","ast-disable-related-posts":"","theme-transparent-header-meta":"","adv-header-id-meta":"","stick-header-meta":"","header-above-stick-meta":"","header-main-stick-meta":"","header-below-stick-meta":"","astra-migrate-meta-layouts":"default","ast-page-background-enabled":"default","ast-page-background-meta":{"desktop":{"background-color":"var(--ast-global-color-5)","background-image":"","background-repeat":"repeat","background-position":"center center","background-size":"auto","background-attachment":"scroll","background-type":"","background-media":"","overlay-type":"","overlay-color":"","overlay-opacity":"","overlay-gradient":""},"tablet":{"background-color":"","background-image":"","background-repeat":"repeat","background-position":"center center","background-size":"auto","background-attachment":"scroll","background-type":"","background-media":"","overlay-type":"","overlay-color":"","overlay-opacity":"","overlay-gradient":""},"mobile":{"background-color":"","background-image":"","background-repeat":"repeat","background-position":"center center","background-size":"auto","background-attachment":"scroll","background-type":"","background-media":"","overlay-type":"","overlay-color":"","overlay-opacity":"","overlay-gradient":""}},"ast-content-background-meta":{"desktop":{"background-color":"var(--ast-global-color-4)","background-image":"","background-repeat":"repeat","background-position":"center center","background-size":"auto","background-attachment":"scroll","background-type":"","background-media":"","overlay-type":"","overlay-color":"","overlay-opacity":"","overlay-gradient":""},"tablet":{"background-color":"var(--ast-global-color-4)","background-image":"","background-repeat":"repeat","background-position":"center center","background-size":"auto","background-attachment":"scroll","background-type":"","background-media":"","overlay-type":"","overlay-color":"","overlay-opacity":"","overlay-gradient":""},"mobile":{"background-color":"var(--ast-global-color-4)","background-image":"","background-repeat":"repeat","background-position":"center center","background-size":"auto","background-attachment":"scroll","background-type":"","background-media":"","overlay-type":"","overlay-color":"","overlay-opacity":"","overlay-gradient":""}},"footnotes":""},"categories":[43],"tags":[890,894,301,196,303,698,194,304,891,892,290],"class_list":["post-3124","post","type-post","status-publish","format-standard","has-post-thumbnail","hentry","category-celta","tag-cinco-provincias-de-irlanda","tag-connacht","tag-fir-bolg","tag-irlanda","tag-lebor-gabala-erenn","tag-milesios","tag-mitologia-celta","tag-mitologia-irlandesa","tag-primera-batalla-de-mag-turied","tag-tara","tag-tuatha-de-danann"],"_links":{"self":[{"href":"https:\/\/huellasdelpasado.eu\/en\/wp-json\/wp\/v2\/posts\/3124","targetHints":{"allow":["GET"]}}],"collection":[{"href":"https:\/\/huellasdelpasado.eu\/en\/wp-json\/wp\/v2\/posts"}],"about":[{"href":"https:\/\/huellasdelpasado.eu\/en\/wp-json\/wp\/v2\/types\/post"}],"author":[{"embeddable":true,"href":"https:\/\/huellasdelpasado.eu\/en\/wp-json\/wp\/v2\/users\/1"}],"replies":[{"embeddable":true,"href":"https:\/\/huellasdelpasado.eu\/en\/wp-json\/wp\/v2\/comments?post=3124"}],"version-history":[{"count":16,"href":"https:\/\/huellasdelpasado.eu\/en\/wp-json\/wp\/v2\/posts\/3124\/revisions"}],"predecessor-version":[{"id":3521,"href":"https:\/\/huellasdelpasado.eu\/en\/wp-json\/wp\/v2\/posts\/3124\/revisions\/3521"}],"wp:featuredmedia":[{"embeddable":true,"href":"https:\/\/huellasdelpasado.eu\/en\/wp-json\/wp\/v2\/media\/3157"}],"wp:attachment":[{"href":"https:\/\/huellasdelpasado.eu\/en\/wp-json\/wp\/v2\/media?parent=3124"}],"wp:term":[{"taxonomy":"category","embeddable":true,"href":"https:\/\/huellasdelpasado.eu\/en\/wp-json\/wp\/v2\/categories?post=3124"},{"taxonomy":"post_tag","embeddable":true,"href":"https:\/\/huellasdelpasado.eu\/en\/wp-json\/wp\/v2\/tags?post=3124"}],"curies":[{"name":"wp","href":"https:\/\/api.w.org\/{rel}","templated":true}]}}