{"id":3047,"date":"2026-08-27T10:00:00","date_gmt":"2026-08-27T10:00:00","guid":{"rendered":"https:\/\/huellasdelpasado.eu\/?p=3047"},"modified":"2026-09-03T14:00:31","modified_gmt":"2026-09-03T14:00:31","slug":"nemed-y-los-nemedianos","status":"publish","type":"post","link":"https:\/\/huellasdelpasado.eu\/en\/nemed-y-los-nemedianos\/","title":{"rendered":"Nemed and the Nemedians: The People Who Defied the Fomorians"},"content":{"rendered":"<style>.kb-image3047_f45196-36 .kb-image-has-overlay:after{opacity:0.3;}<\/style>\n<figure class=\"wp-block-kadence-image kb-image3047_f45196-36 alignfull size-full\"><img loading=\"lazy\" decoding=\"async\" width=\"1402\" height=\"1122\" src=\"https:\/\/huellasdelpasado.eu\/wp-content\/uploads\/2026\/07\/nemed-mitologia-irlandesa.png\" alt=\"Nemed y los nemedianos inauguraron una nueva etapa en las invasiones m\u00edticas de Irlanda.\" class=\"kb-img wp-image-3057\" srcset=\"https:\/\/huellasdelpasado.eu\/wp-content\/uploads\/2026\/07\/nemed-mitologia-irlandesa.png 1402w, https:\/\/huellasdelpasado.eu\/wp-content\/uploads\/2026\/07\/nemed-mitologia-irlandesa-300x240.png 300w, https:\/\/huellasdelpasado.eu\/wp-content\/uploads\/2026\/07\/nemed-mitologia-irlandesa-1024x819.png 1024w, https:\/\/huellasdelpasado.eu\/wp-content\/uploads\/2026\/07\/nemed-mitologia-irlandesa-768x615.png 768w, https:\/\/huellasdelpasado.eu\/wp-content\/uploads\/2026\/07\/nemed-mitologia-irlandesa-15x12.png 15w, https:\/\/huellasdelpasado.eu\/wp-content\/uploads\/2026\/07\/nemed-mitologia-irlandesa-1320x1056.png 1320w\" sizes=\"auto, (max-width: 1402px) 100vw, 1402px\" \/><\/figure>\n\n\n\n<p class=\"wp-block-paragraph\">After the disappearance of <a href=\"https:\/\/huellasdelpasado.eu\/en\/partholon-irlanda-mitica\/\">Parthol\u00f3n<\/a>, the legends tell that Ireland once again remained uninhabited for a time.<\/p>\n\n\n\n<p class=\"wp-block-paragraph\">Then a new leader arrived. His name was <strong>Nemed's people<\/strong>.<\/p>\n\n\n\n<p class=\"wp-block-paragraph\">According to the <strong><a href=\"https:\/\/huellasdelpasado.eu\/en\/lebor-gabala-eireann-libro-invasiones-irlanda\/\">Lebor Gab\u00e1la \u00c9renn<\/a><\/strong> (<em>The Book of the Taking of Ireland<\/em>), Nemed led his people to Ireland, inaugurating a new chapter in the cycle of the <a href=\"https:\/\/huellasdelpasado.eu\/en\/invasiones-miticas-de-irlanda\/\">mythical invasions<\/a>.<\/p>\n\n\n\n<p class=\"wp-block-paragraph\">Although his story began with hope, it would become one of the most tragic in all of Irish tradition.<\/p>\n\n\n\n<h2 class=\"wp-block-heading\">Who Was Nemed?<\/h2>\n\n\n\n<p class=\"wp-block-paragraph\">The medieval sources present Nemed as a noble leader descended from the ancient survivors of the Great Flood.&nbsp;<\/p>\n\n\n\n<p class=\"wp-block-paragraph\">Like the other peoples described in the <em>Lebor Gab\u00e1la \u00c9renn<\/em>, Nemed's genealogy was connected by medieval monks to the lineage of Noah, incorporating ancient Irish traditions into biblical history.<\/p>\n\n\n\n<p class=\"wp-block-paragraph\">Like Parthol\u00f3n, he arrived accompanied by his family and numerous followers with the intention of settling permanently in Ireland.<\/p>\n\n\n\n<p class=\"wp-block-paragraph\">During his rule, the transformation of the island continued. Tradition credits his people with clearing new plains, creating farmland, and establishing several settlements.<\/p>\n\n\n<style>.kb-image3047_a63832-0b .kb-image-has-overlay:after{opacity:0.3;}<\/style>\n<div class=\"wp-block-kadence-image kb-image3047_a63832-0b\"><figure class=\"aligncenter size-medium_large\"><a href=\"https:\/\/huellasdelpasado.eu\/wp-content\/uploads\/2026\/07\/nemed-y-su-pueblo.png\" class=\"kb-advanced-image-link\"><img loading=\"lazy\" decoding=\"async\" width=\"768\" height=\"672\" src=\"https:\/\/huellasdelpasado.eu\/wp-content\/uploads\/2026\/07\/nemed-y-su-pueblo-768x672.png\" alt=\"Nemed y su pueblo durante la colonizaci\u00f3n de Irlanda\" class=\"kb-img wp-image-3068\" srcset=\"https:\/\/huellasdelpasado.eu\/wp-content\/uploads\/2026\/07\/nemed-y-su-pueblo-768x672.png 768w, https:\/\/huellasdelpasado.eu\/wp-content\/uploads\/2026\/07\/nemed-y-su-pueblo-300x262.png 300w, https:\/\/huellasdelpasado.eu\/wp-content\/uploads\/2026\/07\/nemed-y-su-pueblo-1024x896.png 1024w, https:\/\/huellasdelpasado.eu\/wp-content\/uploads\/2026\/07\/nemed-y-su-pueblo-14x12.png 14w, https:\/\/huellasdelpasado.eu\/wp-content\/uploads\/2026\/07\/nemed-y-su-pueblo-1320x1155.png 1320w, https:\/\/huellasdelpasado.eu\/wp-content\/uploads\/2026\/07\/nemed-y-su-pueblo.png 1341w\" sizes=\"auto, (max-width: 768px) 100vw, 768px\" \/><\/a><\/figure><\/div>\n\n\n\n<p class=\"wp-block-paragraph\">However, they would soon have to confront the same threat that had already plagued earlier peoples: <strong>los Fomorianos.<\/strong><\/p>\n\n\n\n<h2 class=\"wp-block-heading\">The War Against the Fomorians<\/h2>\n\n\n\n<p class=\"wp-block-paragraph\">When Nemed arrived in Ireland, the <a href=\"https:\/\/huellasdelpasado.eu\/en\/fomorianos-mitologia-irlandesa\/\">Fomorians<\/a> remained a powerful force on the island.<\/p>\n\n\n\n<p class=\"wp-block-paragraph\">At first, the Nemedians achieved several victories. The legends tell that they defeated various Fomorian leaders and managed to maintain a period of relative stability.<\/p>\n\n\n\n<p class=\"wp-block-paragraph\">That stability, however, would not last forever.<\/p>\n\n\n\n<p class=\"wp-block-paragraph\">After Nemed died from illness, the Fomorians regained control.<\/p>\n\n\n\n<h2 class=\"wp-block-heading\">Fomorian Rule<\/h2>\n\n\n\n<p class=\"wp-block-paragraph\">With Nemed gone, the Fomorians imposed harsh rule upon his people.<\/p>\n\n\n\n<p class=\"wp-block-paragraph\">The medieval sources describe a time of great suffering.<\/p>\n\n\n\n<p class=\"wp-block-paragraph\">Every year, during the festival of <strong>Samhain<\/strong>, the Nemedians were forced to pay a heavy tribute to the Fomorians.<\/p>\n\n\n\n<p class=\"wp-block-paragraph\">Some versions claim that it consisted of:<\/p>\n\n\n\n<ul class=\"wp-block-list\">\n<li>two-thirds of their children;<\/li>\n\n\n\n<li>two-thirds of their cattle;<\/li>\n\n\n\n<li>two-thirds of their harvests.<\/li>\n<\/ul>\n\n\n\n<p class=\"wp-block-paragraph\">Although the details vary among different traditions, they all present this tribute as the symbol of Fomorian oppression.<\/p>\n\n\n<style>.kb-image3047_8e9e27-fa .kb-image-has-overlay:after{opacity:0.3;}<\/style>\n<div class=\"wp-block-kadence-image kb-image3047_8e9e27-fa\"><figure class=\"aligncenter size-medium_large\"><a href=\"https:\/\/huellasdelpasado.eu\/wp-content\/uploads\/2026\/07\/tributo-samhaim-nemed.png\" class=\"kb-advanced-image-link\" aria-label=\"tributo-nemediano-a-fomorianos\"><img loading=\"lazy\" decoding=\"async\" width=\"768\" height=\"615\" src=\"https:\/\/huellasdelpasado.eu\/wp-content\/uploads\/2026\/07\/tributo-samhaim-nemed-768x615.png\" alt=\"Tributo de los nemedianos durante la festividad de Samhain, entregando ganado y cosechas a los Fomorianos. \" class=\"kb-img wp-image-3059\" srcset=\"https:\/\/huellasdelpasado.eu\/wp-content\/uploads\/2026\/07\/tributo-samhaim-nemed-768x615.png 768w, https:\/\/huellasdelpasado.eu\/wp-content\/uploads\/2026\/07\/tributo-samhaim-nemed-300x240.png 300w, https:\/\/huellasdelpasado.eu\/wp-content\/uploads\/2026\/07\/tributo-samhaim-nemed-1024x819.png 1024w, https:\/\/huellasdelpasado.eu\/wp-content\/uploads\/2026\/07\/tributo-samhaim-nemed-15x12.png 15w, https:\/\/huellasdelpasado.eu\/wp-content\/uploads\/2026\/07\/tributo-samhaim-nemed-1320x1056.png 1320w, https:\/\/huellasdelpasado.eu\/wp-content\/uploads\/2026\/07\/tributo-samhaim-nemed.png 1402w\" sizes=\"auto, (max-width: 768px) 100vw, 768px\" \/><\/a><\/figure><\/div>\n\n\n\n<p class=\"wp-block-paragraph\">The choice of Samhain also seems significant, as the festival marked one of the most important moments of the Celtic calendar, symbolizing the beginning of winter and the turning of the yearly cycle.<\/p>\n\n\n\n<h2 class=\"wp-block-heading\">Conand's Tower<\/h2>\n\n\n\n<p class=\"wp-block-paragraph\">The center of Fomorian power was a fortress known as <strong>Conand's Tower<\/strong>.<\/p>\n\n\n\n<p class=\"wp-block-paragraph\">According to the legends, it belonged to the Fomorian leader <strong>Conand<\/strong> and stood on an island traditionally identified with present-day <strong>Tory Island<\/strong>, off the coast of County Donegal.<\/p>\n\n\n\n<p class=\"wp-block-paragraph\">From there, the Fomorians ruled and collected the tribute imposed upon the Nemedians.<\/p>\n\n\n<style>.kb-image3047_f79b2f-b5 .kb-image-has-overlay:after{opacity:0.3;}<\/style>\n<div class=\"wp-block-kadence-image kb-image3047_f79b2f-b5\"><figure class=\"aligncenter size-medium\"><a href=\"https:\/\/huellasdelpasado.eu\/wp-content\/uploads\/2026\/07\/torre-de-conand.png\" class=\"kb-advanced-image-link\" aria-label=\"torre-de-conand\"><img loading=\"lazy\" decoding=\"async\" width=\"300\" height=\"240\" src=\"https:\/\/huellasdelpasado.eu\/wp-content\/uploads\/2026\/07\/torre-de-conand-300x240.png\" alt=\"La legendaria Torre de Conand sobre los acantilados de la isla de Tory, centro del poder fomoriano.\" class=\"kb-img wp-image-3067\" srcset=\"https:\/\/huellasdelpasado.eu\/wp-content\/uploads\/2026\/07\/torre-de-conand-300x240.png 300w, https:\/\/huellasdelpasado.eu\/wp-content\/uploads\/2026\/07\/torre-de-conand-1024x819.png 1024w, https:\/\/huellasdelpasado.eu\/wp-content\/uploads\/2026\/07\/torre-de-conand-768x615.png 768w, https:\/\/huellasdelpasado.eu\/wp-content\/uploads\/2026\/07\/torre-de-conand-15x12.png 15w, https:\/\/huellasdelpasado.eu\/wp-content\/uploads\/2026\/07\/torre-de-conand-1320x1056.png 1320w, https:\/\/huellasdelpasado.eu\/wp-content\/uploads\/2026\/07\/torre-de-conand.png 1402w\" sizes=\"auto, (max-width: 300px) 100vw, 300px\" \/><\/a><\/figure><\/div>\n\n\n\n<p class=\"wp-block-paragraph\">The tower would become one of the most important settings in the entire narrative of the mythical invasions.<\/p>\n\n\n\n<h2 class=\"wp-block-heading\">The Great Rebellion<\/h2>\n\n\n\n<p class=\"wp-block-paragraph\">Unable to endure their situation any longer, the Nemedians decided to rebel. They assembled a great army and sailed to Conand's Tower.&nbsp;<\/p>\n\n\n\n<p class=\"wp-block-paragraph\">The legends tell that they captured the fortress, killed Conand, and destroyed the tower.<\/p>\n\n\n\n<p class=\"wp-block-paragraph\">At last, it seemed they had regained their freedom.\nBut the victory was short-lived.&nbsp;<\/p>\n\n\n\n<p class=\"wp-block-paragraph\">Soon afterward, an immense Fomorian fleet led by <strong>Morc<\/strong> (also known as <strong>Morc mac Dela) arrived.<\/strong><\/p>\n\n\n\n<p class=\"wp-block-paragraph\">A devastating battle followed. The sources describe a conflict so violent that many accounts claim the sea became covered with the wreckage of ships and the bodies of warriors.<\/p>\n\n\n<style>.kb-image3047_0833e1-e5 .kb-image-has-overlay:after{opacity:0.3;}<\/style>\n<div class=\"wp-block-kadence-image kb-image3047_0833e1-e5\"><figure class=\"aligncenter size-medium_large\"><a href=\"https:\/\/huellasdelpasado.eu\/wp-content\/uploads\/2026\/07\/rebelion-nemedianos.png\" class=\"kb-advanced-image-link\" aria-label=\"rebelion-nemediana\"><img loading=\"lazy\" decoding=\"async\" width=\"768\" height=\"615\" src=\"https:\/\/huellasdelpasado.eu\/wp-content\/uploads\/2026\/07\/rebelion-nemedianos-768x615.png\" alt=\"La flota nemediana aproxim\u00e1ndose a la Torre de Conand durante la gran rebeli\u00f3n de los nemedianos contra los fomorianos.\" class=\"kb-img wp-image-3061\" srcset=\"https:\/\/huellasdelpasado.eu\/wp-content\/uploads\/2026\/07\/rebelion-nemedianos-768x615.png 768w, https:\/\/huellasdelpasado.eu\/wp-content\/uploads\/2026\/07\/rebelion-nemedianos-300x240.png 300w, https:\/\/huellasdelpasado.eu\/wp-content\/uploads\/2026\/07\/rebelion-nemedianos-1024x819.png 1024w, https:\/\/huellasdelpasado.eu\/wp-content\/uploads\/2026\/07\/rebelion-nemedianos-15x12.png 15w, https:\/\/huellasdelpasado.eu\/wp-content\/uploads\/2026\/07\/rebelion-nemedianos-1320x1056.png 1320w, https:\/\/huellasdelpasado.eu\/wp-content\/uploads\/2026\/07\/rebelion-nemedianos.png 1402w\" sizes=\"auto, (max-width: 768px) 100vw, 768px\" \/><\/a><\/figure><\/div>\n\n\n\n<p class=\"wp-block-paragraph\">Virtually both armies were destroyed.<\/p>\n\n\n\n<h2 class=\"wp-block-heading\">The Fate of the Survivors<\/h2>\n\n\n\n<p class=\"wp-block-paragraph\">Very few Nemedians survived. Tradition tells that the survivors abandoned Ireland and scattered in different directions.<\/p>\n\n\n\n<p class=\"wp-block-paragraph\">Over time, these groups gave rise to new peoples who would later return to the island.<\/p>\n\n\n\n<p class=\"wp-block-paragraph\">According to medieval tradition:<\/p>\n\n\n\n<ul class=\"wp-block-list\">\n<li>some traveled north and, after acquiring great knowledge, their descendants eventually became the <strong>Tuatha D\u00e9 Danann<\/strong>;<\/li>\n\n\n\n<li>others were enslaved in Greece and centuries later returned as the <strong>Fir Bolg<\/strong>;<\/li>\n\n\n\n<li>a third group left Ireland and dispersed throughout different regions of the world, although the sources disagree about their final destination.<\/li>\n<\/ul>\n\n\n\n<p class=\"wp-block-paragraph\">Thus, although the people of Nemed disappeared, their legacy continued through the later mythical invasions.<\/p>\n\n\n<style>.kb-image3047_5de949-57 .kb-image-has-overlay:after{opacity:0.3;}<\/style>\n<div class=\"wp-block-kadence-image kb-image3047_5de949-57\"><figure class=\"aligncenter size-medium_large\"><a href=\"https:\/\/huellasdelpasado.eu\/wp-content\/uploads\/2026\/07\/supervivientes-nemedianos.png\" class=\"kb-advanced-image-link\" aria-label=\"supervivientes-nemedianos\"><img loading=\"lazy\" decoding=\"async\" width=\"768\" height=\"615\" src=\"https:\/\/huellasdelpasado.eu\/wp-content\/uploads\/2026\/07\/supervivientes-nemedianos-768x615.png\" alt=\"Los supervivientes nemedianos abandonaron Irlanda tras la gran rebeli\u00f3n contra los fomorianos seg\u00fan la mitolog\u00eda irlandesa.\" class=\"kb-img wp-image-3063\" srcset=\"https:\/\/huellasdelpasado.eu\/wp-content\/uploads\/2026\/07\/supervivientes-nemedianos-768x615.png 768w, https:\/\/huellasdelpasado.eu\/wp-content\/uploads\/2026\/07\/supervivientes-nemedianos-300x240.png 300w, https:\/\/huellasdelpasado.eu\/wp-content\/uploads\/2026\/07\/supervivientes-nemedianos-1024x819.png 1024w, https:\/\/huellasdelpasado.eu\/wp-content\/uploads\/2026\/07\/supervivientes-nemedianos-15x12.png 15w, https:\/\/huellasdelpasado.eu\/wp-content\/uploads\/2026\/07\/supervivientes-nemedianos-1320x1056.png 1320w, https:\/\/huellasdelpasado.eu\/wp-content\/uploads\/2026\/07\/supervivientes-nemedianos.png 1402w\" sizes=\"auto, (max-width: 768px) 100vw, 768px\" \/><\/a><\/figure><\/div>\n\n\n\n<h2 class=\"wp-block-heading\">The Legacy of Nemed<\/h2>\n\n\n\n<p class=\"wp-block-paragraph\">Nemed's story marks an important turning point within the Irish Mythological Cycle.<\/p>\n\n\n\n<p class=\"wp-block-paragraph\">With him, the Fomorians cease to be merely an occasional threat and become the true rulers of Ireland.<\/p>\n\n\n\n<p class=\"wp-block-paragraph\">This cycle introduces for the first time several of the most important elements of Irish tradition: <strong>Samhain<\/strong>, the <strong>Conand's Tower<\/strong>, the great rebellion against the Fomorians, and the legendary origins of the peoples who would lead the subsequent invasions.<\/p>\n\n\n\n<p class=\"wp-block-paragraph\">For this reason, although Nemed never succeeded in defeating the Fomorians permanently, his story paved the way for the great events that would follow.<\/p>\n\n\n\n<h2 class=\"wp-block-heading\">Follow the Footprints<\/h2>\n\n\n\n<h3 class=\"wp-block-heading\">Visit It Today...<\/h3>\n\n\n\n<p class=\"wp-block-paragraph\">The <a href=\"https:\/\/toryisland.ie\/index.php\" target=\"_blank\" rel=\"noopener\"><strong>Tory Island<\/strong><\/a> (<em>Toraigh<\/em>in Irish) lies off the coast of County Donegal, Ireland.&nbsp;<\/p>\n\n\n\n<p class=\"wp-block-paragraph\">Today, it is home to a small permanent community and remains one of the places most closely associated with the ancient legends of the Fomorians.<\/p>\n\n\n\n<p class=\"wp-block-paragraph\">At the island's highest point stands <strong>D\u00fan Bhaloir<\/strong> (<em>Balor's Fort<\/em>, an ancient fortified enclosure that tradition associates with the legendary Fomorian king <strong>Balor.<\/strong><\/p>\n\n\n\n<p class=\"wp-block-paragraph\">According to medieval legends, this site is also believed to have been the location of the mythical <strong>Conand's Tower<\/strong>, the setting of the struggle against Fomorian domination.<\/p>","protected":false},"excerpt":{"rendered":"<p>Tras la desaparici\u00f3n del pueblo de Parthol\u00f3n, las leyendas cuentan que Irlanda volvi\u00f3 a quedar deshabitada durante un tiempo. Entonces [&hellip;]<\/p>\n","protected":false},"author":1,"featured_media":3057,"comment_status":"closed","ping_status":"closed","sticky":false,"template":"","format":"standard","meta":{"site-sidebar-layout":"default","site-content-layout":"","ast-site-content-layout":"default","site-content-style":"default","site-sidebar-style":"default","ast-global-header-display":"","ast-banner-title-visibility":"","ast-main-header-display":"","ast-hfb-above-header-display":"","ast-hfb-below-header-display":"","ast-hfb-mobile-header-display":"","site-post-title":"","ast-breadcrumbs-content":"","ast-featured-img":"","footer-sml-layout":"","ast-disable-related-posts":"","theme-transparent-header-meta":"","adv-header-id-meta":"","stick-header-meta":"","header-above-stick-meta":"","header-main-stick-meta":"","header-below-stick-meta":"","astra-migrate-meta-layouts":"default","ast-page-background-enabled":"default","ast-page-background-meta":{"desktop":{"background-color":"var(--ast-global-color-5)","background-image":"","background-repeat":"repeat","background-position":"center center","background-size":"auto","background-attachment":"scroll","background-type":"","background-media":"","overlay-type":"","overlay-color":"","overlay-opacity":"","overlay-gradient":""},"tablet":{"background-color":"","background-image":"","background-repeat":"repeat","background-position":"center center","background-size":"auto","background-attachment":"scroll","background-type":"","background-media":"","overlay-type":"","overlay-color":"","overlay-opacity":"","overlay-gradient":""},"mobile":{"background-color":"","background-image":"","background-repeat":"repeat","background-position":"center center","background-size":"auto","background-attachment":"scroll","background-type":"","background-media":"","overlay-type":"","overlay-color":"","overlay-opacity":"","overlay-gradient":""}},"ast-content-background-meta":{"desktop":{"background-color":"var(--ast-global-color-4)","background-image":"","background-repeat":"repeat","background-position":"center center","background-size":"auto","background-attachment":"scroll","background-type":"","background-media":"","overlay-type":"","overlay-color":"","overlay-opacity":"","overlay-gradient":""},"tablet":{"background-color":"var(--ast-global-color-4)","background-image":"","background-repeat":"repeat","background-position":"center center","background-size":"auto","background-attachment":"scroll","background-type":"","background-media":"","overlay-type":"","overlay-color":"","overlay-opacity":"","overlay-gradient":""},"mobile":{"background-color":"var(--ast-global-color-4)","background-image":"","background-repeat":"repeat","background-position":"center center","background-size":"auto","background-attachment":"scroll","background-type":"","background-media":"","overlay-type":"","overlay-color":"","overlay-opacity":"","overlay-gradient":""}},"footnotes":""},"categories":[43],"tags":[301,300,302,196,303,194,851,848,852,345,853,854,290],"class_list":["post-3047","post","type-post","status-publish","format-standard","has-post-thumbnail","hentry","category-celta","tag-fir-bolg","tag-fomorianos","tag-invasiones-miticas-irlanda","tag-irlanda","tag-lebor-gabala-erenn","tag-mitologia-celta","tag-mitologia-irlan","tag-nemed","tag-nemedianos","tag-samhain","tag-torre-de-conand","tag-tory-island","tag-tuatha-de-danann"],"_links":{"self":[{"href":"https:\/\/huellasdelpasado.eu\/en\/wp-json\/wp\/v2\/posts\/3047","targetHints":{"allow":["GET"]}}],"collection":[{"href":"https:\/\/huellasdelpasado.eu\/en\/wp-json\/wp\/v2\/posts"}],"about":[{"href":"https:\/\/huellasdelpasado.eu\/en\/wp-json\/wp\/v2\/types\/post"}],"author":[{"embeddable":true,"href":"https:\/\/huellasdelpasado.eu\/en\/wp-json\/wp\/v2\/users\/1"}],"replies":[{"embeddable":true,"href":"https:\/\/huellasdelpasado.eu\/en\/wp-json\/wp\/v2\/comments?post=3047"}],"version-history":[{"count":14,"href":"https:\/\/huellasdelpasado.eu\/en\/wp-json\/wp\/v2\/posts\/3047\/revisions"}],"predecessor-version":[{"id":3525,"href":"https:\/\/huellasdelpasado.eu\/en\/wp-json\/wp\/v2\/posts\/3047\/revisions\/3525"}],"wp:featuredmedia":[{"embeddable":true,"href":"https:\/\/huellasdelpasado.eu\/en\/wp-json\/wp\/v2\/media\/3057"}],"wp:attachment":[{"href":"https:\/\/huellasdelpasado.eu\/en\/wp-json\/wp\/v2\/media?parent=3047"}],"wp:term":[{"taxonomy":"category","embeddable":true,"href":"https:\/\/huellasdelpasado.eu\/en\/wp-json\/wp\/v2\/categories?post=3047"},{"taxonomy":"post_tag","embeddable":true,"href":"https:\/\/huellasdelpasado.eu\/en\/wp-json\/wp\/v2\/tags?post=3047"}],"curies":[{"name":"wp","href":"https:\/\/api.w.org\/{rel}","templated":true}]}}