{"id":2949,"date":"2026-08-13T10:00:00","date_gmt":"2026-08-13T10:00:00","guid":{"rendered":"https:\/\/huellasdelpasado.eu\/?p=2949"},"modified":"2026-09-03T13:54:30","modified_gmt":"2026-09-03T13:54:30","slug":"cessair-primera-llegada-irlanda","status":"publish","type":"post","link":"https:\/\/huellasdelpasado.eu\/en\/cessair-primera-llegada-irlanda\/","title":{"rendered":"Cessair and Her Followers: The First Arrival in Ireland"},"content":{"rendered":"<style>.kb-image2949_b4b8c4-bf .kb-image-has-overlay:after{opacity:0.3;}<\/style>\n<figure class=\"wp-block-kadence-image kb-image2949_b4b8c4-bf alignfull size-full\"><img loading=\"lazy\" decoding=\"async\" width=\"1638\" height=\"960\" src=\"https:\/\/huellasdelpasado.eu\/wp-content\/uploads\/2026\/07\/llegada-cessair-irlanda.png\" alt=\"La llegada de Cessair y sus seguidores acerc\u00e1ndose en barco a la costa de Irlanda, poco antes del Diluvio seg\u00fan la mitolog\u00eda irlandesa.\" class=\"kb-img wp-image-2965\" srcset=\"https:\/\/huellasdelpasado.eu\/wp-content\/uploads\/2026\/07\/llegada-cessair-irlanda.png 1638w, https:\/\/huellasdelpasado.eu\/wp-content\/uploads\/2026\/07\/llegada-cessair-irlanda-300x176.png 300w, https:\/\/huellasdelpasado.eu\/wp-content\/uploads\/2026\/07\/llegada-cessair-irlanda-1024x600.png 1024w, https:\/\/huellasdelpasado.eu\/wp-content\/uploads\/2026\/07\/llegada-cessair-irlanda-768x450.png 768w, https:\/\/huellasdelpasado.eu\/wp-content\/uploads\/2026\/07\/llegada-cessair-irlanda-1536x900.png 1536w, https:\/\/huellasdelpasado.eu\/wp-content\/uploads\/2026\/07\/llegada-cessair-irlanda-18x12.png 18w, https:\/\/huellasdelpasado.eu\/wp-content\/uploads\/2026\/07\/llegada-cessair-irlanda-1320x774.png 1320w\" sizes=\"auto, (max-width: 1638px) 100vw, 1638px\" \/><\/figure>\n\n\n\n<p class=\"wp-block-paragraph\">Long before the Tuatha D\u00e9 Danann, the Fomorians, or the heroes of Irish legend, there is an even older story. A story set in a distant time, when the world had not yet been transformed by the Great Flood.<\/p>\n\n\n\n<p class=\"wp-block-paragraph\">According to the <em><a href=\"https:\/\/huellasdelpasado.eu\/en\/lebor-gabala-eireann-libro-invasiones-irlanda\/\">Lebor Gab\u00e1la \u00c9renn<\/a><\/em> (The Book of the Taking of Ireland), the first person to arrive in Ireland was a woman named <strong>Cessair<\/strong>.<\/p>\n\n\n\n<p class=\"wp-block-paragraph\">Her story marks the beginning of Ireland's mythical history and describes a world that existed before the great floodwaters forever changed the fate of humanity.<\/p>\n\n\n\n<h2 class=\"wp-block-heading\">The World Before the Flood<\/h2>\n\n\n\n<p class=\"wp-block-paragraph\">Medieval Irish traditions attempted to connect ancient Celtic stories with the biblical narratives known to the Christian monks who copied and preserved them.<\/p>\n\n\n\n<p class=\"wp-block-paragraph\">For this reason, Cessair's arrival is placed shortly before the Great Flood.<\/p>\n\n\n\n<p class=\"wp-block-paragraph\">According to the Christianised version of the <em>Lebor Gab\u00e1la \u00c9renn<\/em>, Cessair was Noah's granddaughter. However, when Noah began building the Ark, she and her followers were excluded from the salvation that would allow its passengers to survive the great flood.<\/p>\n\n\n\n<p class=\"wp-block-paragraph\">Faced with this fate, they decided to seek refuge in a distant land at the western edge of the known world.<\/p>\n\n\n<style>.kb-image2949_500f7e-27 .kb-image-has-overlay:after{opacity:0.3;}<\/style>\n<div class=\"wp-block-kadence-image kb-image2949_500f7e-27\"><figure class=\"aligncenter size-medium_large\"><a href=\"https:\/\/huellasdelpasado.eu\/wp-content\/uploads\/2026\/07\/irlanda.png\" class=\"kb-advanced-image-link\" aria-label=\"irlanda-antes-diluvio\"><img loading=\"lazy\" decoding=\"async\" width=\"768\" height=\"450\" src=\"https:\/\/huellasdelpasado.eu\/wp-content\/uploads\/2026\/07\/irlanda-768x450.png\" alt=\"Ilustraci\u00f3n de la Irlanda m\u00edtica antes del Diluvio.\" class=\"kb-img wp-image-2975\" srcset=\"https:\/\/huellasdelpasado.eu\/wp-content\/uploads\/2026\/07\/irlanda-768x450.png 768w, https:\/\/huellasdelpasado.eu\/wp-content\/uploads\/2026\/07\/irlanda-300x176.png 300w, https:\/\/huellasdelpasado.eu\/wp-content\/uploads\/2026\/07\/irlanda-1024x600.png 1024w, https:\/\/huellasdelpasado.eu\/wp-content\/uploads\/2026\/07\/irlanda-1536x900.png 1536w, https:\/\/huellasdelpasado.eu\/wp-content\/uploads\/2026\/07\/irlanda-18x12.png 18w, https:\/\/huellasdelpasado.eu\/wp-content\/uploads\/2026\/07\/irlanda-1320x774.png 1320w, https:\/\/huellasdelpasado.eu\/wp-content\/uploads\/2026\/07\/irlanda.png 1638w\" sizes=\"auto, (max-width: 768px) 100vw, 768px\" \/><\/a><\/figure><\/div>\n\n\n\n<p class=\"wp-block-paragraph\">That land was Ireland.<\/p>\n\n\n\n<h2 class=\"wp-block-heading\">The First Arrival<\/h2>\n\n\n\n<p class=\"wp-block-paragraph\">The sources tell us that Cessair gathered a group of followers and embarked on a long voyage across the sea.<\/p>\n\n\n\n<p class=\"wp-block-paragraph\">The numbers vary depending on the source, although the most widespread tradition speaks of:<\/p>\n\n\n\n<ul class=\"wp-block-list\">\n<li>Cessair.<\/li>\n\n\n\n<li>Three men.<\/li>\n\n\n\n<li>Around fifty women.<\/li>\n<\/ul>\n\n\n\n<p class=\"wp-block-paragraph\">After a difficult voyage, they finally reached Ireland.<\/p>\n\n\n\n<p class=\"wp-block-paragraph\">According to some versions, they landed on the southwestern coast of the island, at a time when the land was still virtually uninhabited.<\/p>\n\n\n\n<p class=\"wp-block-paragraph\">Cessair's arrival represents the first <a href=\"https:\/\/huellasdelpasado.eu\/en\/invasiones-miticas-de-irlanda\/\">mythical settlement of Ireland<\/a> and the beginning of the succession of peoples who, according to the <em>Lebor Gab\u00e1la \u00c9renn<\/em>, would inhabit the island over the centuries.<\/p>\n\n\n\n<p class=\"wp-block-paragraph\">According to the most widespread tradition, Cessair and her companions arrived in Ireland forty days before the Flood.<\/p>\n\n\n<style>.kb-image2949_e850cf-4d .kb-image-has-overlay:after{opacity:0.3;}<\/style>\n<div class=\"wp-block-kadence-image kb-image2949_e850cf-4d\"><figure class=\"aligncenter size-medium_large\"><a href=\"https:\/\/huellasdelpasado.eu\/wp-content\/uploads\/2026\/07\/llegada-cessair-y-pueblo-irlanda.png\" class=\"kb-advanced-image-link\" aria-label=\"primera-llegada-a-irlanda\"><img loading=\"lazy\" decoding=\"async\" width=\"768\" height=\"576\" src=\"https:\/\/huellasdelpasado.eu\/wp-content\/uploads\/2026\/07\/llegada-cessair-y-pueblo-irlanda-768x576.png\" alt=\"La primera llegada a Irlanda de Cessair y sus seguidores seg\u00fan el Lebor Gab\u00e1la \u00c9renn. \" class=\"kb-img wp-image-2967\" srcset=\"https:\/\/huellasdelpasado.eu\/wp-content\/uploads\/2026\/07\/llegada-cessair-y-pueblo-irlanda-768x576.png 768w, https:\/\/huellasdelpasado.eu\/wp-content\/uploads\/2026\/07\/llegada-cessair-y-pueblo-irlanda-300x225.png 300w, https:\/\/huellasdelpasado.eu\/wp-content\/uploads\/2026\/07\/llegada-cessair-y-pueblo-irlanda-1024x768.png 1024w, https:\/\/huellasdelpasado.eu\/wp-content\/uploads\/2026\/07\/llegada-cessair-y-pueblo-irlanda-16x12.png 16w, https:\/\/huellasdelpasado.eu\/wp-content\/uploads\/2026\/07\/llegada-cessair-y-pueblo-irlanda-1320x990.png 1320w, https:\/\/huellasdelpasado.eu\/wp-content\/uploads\/2026\/07\/llegada-cessair-y-pueblo-irlanda.png 1448w\" sizes=\"auto, (max-width: 768px) 100vw, 768px\" \/><\/a><\/figure><\/div>\n\n\n\n<h2 class=\"wp-block-heading\">Cessair's Companions<\/h2>\n\n\n\n<h3 class=\"wp-block-heading\">Fintan: The Impossible Survivor<\/h3>\n\n\n\n<p class=\"wp-block-paragraph\">Among the men who accompanied Cessair, one figure stands out who would later play a fundamental role in Irish tradition: <strong>Fintan mac B\u00f3chra.<\/strong><\/p>\n\n\n\n<p class=\"wp-block-paragraph\">When the waters of the Flood began to cover Ireland, Fintan fled and found refuge in a cave later known as Fintan's Cave. <strong>la Cueva de Fintan.<\/strong><\/p>\n\n\n\n<p class=\"wp-block-paragraph\">While most of Cessair's companions perished beneath the waters, he survived through a series of magical transformations. The traditions do not always agree, but they generally claim that he successively took the form of:&nbsp;<\/p>\n\n\n\n<ul class=\"wp-block-list\">\n<li>a salmon;<\/li>\n\n\n\n<li>an eagle;<\/li>\n\n\n\n<li>a hawk.<\/li>\n<\/ul>\n\n\n<style>.kb-image2949_2400d6-ea .kb-image-has-overlay:after{opacity:0.3;}<\/style>\n<div class=\"wp-block-kadence-image kb-image2949_2400d6-ea\"><figure class=\"aligncenter size-medium_large\"><a href=\"https:\/\/huellasdelpasado.eu\/wp-content\/uploads\/2026\/07\/fintan.png\" class=\"kb-advanced-image-link\" aria-label=\"fintan-mac-bochra\"><img loading=\"lazy\" decoding=\"async\" width=\"768\" height=\"615\" src=\"https:\/\/huellasdelpasado.eu\/wp-content\/uploads\/2026\/07\/fintan-768x615.png\" alt=\"Fintan mac B\u00f3chra refugiado en la entrada de una cueva.\" class=\"kb-img wp-image-2971\" srcset=\"https:\/\/huellasdelpasado.eu\/wp-content\/uploads\/2026\/07\/fintan-768x615.png 768w, https:\/\/huellasdelpasado.eu\/wp-content\/uploads\/2026\/07\/fintan-300x240.png 300w, https:\/\/huellasdelpasado.eu\/wp-content\/uploads\/2026\/07\/fintan-1024x819.png 1024w, https:\/\/huellasdelpasado.eu\/wp-content\/uploads\/2026\/07\/fintan-15x12.png 15w, https:\/\/huellasdelpasado.eu\/wp-content\/uploads\/2026\/07\/fintan-1320x1056.png 1320w, https:\/\/huellasdelpasado.eu\/wp-content\/uploads\/2026\/07\/fintan.png 1402w\" sizes=\"auto, (max-width: 768px) 100vw, 768px\" \/><\/a><\/figure><\/div>\n\n\n\n<p class=\"wp-block-paragraph\">Thanks to his extraordinary longevity, he witnessed the arrival of many of the peoples of Ireland:<\/p>\n\n\n\n<ul class=\"wp-block-list\">\n<li>Cessair<\/li>\n\n\n\n<li><a href=\"https:\/\/huellasdelpasado.eu\/en\/partholon-irlanda-mitica\/\">Parthol\u00f3n<\/a><\/li>\n\n\n\n<li><a href=\"https:\/\/huellasdelpasado.eu\/en\/nemed-y-los-nemedianos\/\">Nemed's people<\/a><\/li>\n\n\n\n<li><a href=\"https:\/\/huellasdelpasado.eu\/en\/fir-bolg-irlanda\/\">the Fir Bolg;<\/a><\/li>\n\n\n\n<li>the Tuatha D\u00e9 Danann;<\/li>\n\n\n\n<li>the Milesians.<\/li>\n<\/ul>\n\n\n\n<p class=\"wp-block-paragraph\">For this reason, some traditions regard him as the great guardian of Ireland's memory.<\/p>\n\n\n\n<h3 class=\"wp-block-heading\">Adviser to Kings and Guardian of Memory<\/h3>\n\n\n\n<p class=\"wp-block-paragraph\">When wise men wished to learn about the most ancient events in the island's history, they turned to Fintan, for he was the only direct witness to the world before the Flood.<\/p>\n\n\n\n<p class=\"wp-block-paragraph\">Over the centuries, he became an adviser to kings, sages, chroniclers, and poets.<\/p>\n\n\n\n<p class=\"wp-block-paragraph\">Some traditions even claim that he survived until the arrival of Christianity and <a href=\"https:\/\/huellasdelpasado.eu\/en\/san-patricio-la-leyenda-de-las-serpientes\/\">Saint Patrick<\/a>, when the ancient oral traditions began to become integrated into the new Christian Ireland.<\/p>\n\n\n<style>.wp-block-kadence-advancedgallery.kb-gallery-wrap-id-2949_694765-c8{overflow:hidden;}.kb-gallery-id-2949_694765-c8 .kadence-blocks-gallery-item .kb-gal-image-radius, .kb-gallery-id-2949_694765-c8 .kb-slide-item .kb-gal-image-radius img{border-radius:0px 0px 0px 0px;;}.kb-gallery-caption-style-cover-hover.kb-gallery-id-2949_694765-c8 .kadence-blocks-gallery-item .kadence-blocks-gallery-item-inner .kadence-blocks-gallery-item__caption, .kb-gallery-caption-style-below.kb-gallery-id-2949_694765-c8 .kadence-blocks-gallery-item .kadence-blocks-gallery-item-inner .kadence-blocks-gallery-item__caption{background:rgba(0, 0, 0, 0.8);}.kb-gallery-wrap-id-2949_694765-c8.wp-block-kadence-advancedgallery{overflow:visible;}.kb-gallery-wrap-id-2949_694765-c8.wp-block-kadence-advancedgallery .kt-blocks-carousel{overflow:visible;}<\/style><div class=\"kb-gallery-wrap-id-2949_694765-c8 alignnone wp-block-kadence-advancedgallery\"><div class=\"kb-gallery-ul kb-gallery-non-static kb-gallery-type-carousel kb-gallery-id-2949_694765-c8 kb-gallery-caption-style-below kb-gallery-filter-none\" data-image-filter=\"none\" data-lightbox-caption=\"true\"><div class=\"kt-blocks-carousel splide kt-carousel-container-dotstyle-dark kt-carousel-arrowstyle-whiteondark kt-carousel-dotstyle-dark kb-slider-group-arrow kb-slider-arrow-position-center\" data-columns-xxl=\"2\" data-columns-xl=\"2\" data-columns-md=\"2\" data-columns-sm=\"2\" data-columns-xs=\"1\" data-columns-ss=\"1\" data-slider-anim-speed=\"400\" data-slider-scroll=\"1\" data-slider-arrows=\"true\" data-slider-dots=\"true\" data-slider-hover-pause=\"false\" data-slider-auto=\"\" data-slider-speed=\"7000\" data-slider-gap=\"10px\" data-slider-gap-tablet=\"10px\" data-slider-gap-mobile=\"10px\" data-show-pause-button=\"false\" data-slider-label=\"Photo Gallery Carousel\"><div class=\"splide__track\"><ul class=\"kt-blocks-carousel-init kb-gallery-carousel splide__list\"><li class=\"kb-slide-item kb-gallery-carousel-item splide__slide\"><div class=\"kadence-blocks-gallery-item\"><div class=\"kadence-blocks-gallery-item-inner\"><figure class=\"kb-gallery-figure kb-gallery-item-has-link kadence-blocks-gallery-item-has-caption\"><a href=\"https:\/\/huellasdelpasado.eu\/wp-content\/uploads\/2026\/07\/fintan-guardian-memoria.png\" class=\"kb-gallery-item-link\"  ><div class=\"kb-gal-image-radius\"><div class=\"kb-gallery-image-contain kadence-blocks-gallery-intrinsic kb-gallery-image-ratio-land32 kb-has-image-ratio-land32\" ><img loading=\"lazy\" decoding=\"async\" src=\"https:\/\/huellasdelpasado.eu\/wp-content\/uploads\/2026\/07\/fintan-guardian-memoria-768x615.png\" width=\"768\" height=\"615\" alt=\"Fintan mac B\u00f3chra, consejero de reyes, sabios y poetas de los or\u00edgenes m\u00edticos de Irlanda.\" data-full-image=\"https:\/\/huellasdelpasado.eu\/wp-content\/uploads\/2026\/07\/fintan-guardian-memoria.png\" data-light-image=\"https:\/\/huellasdelpasado.eu\/wp-content\/uploads\/2026\/07\/fintan-guardian-memoria.png\" data-id=\"2977\" class=\"wp-image-2977 skip-lazy\" srcset=\"https:\/\/huellasdelpasado.eu\/wp-content\/uploads\/2026\/07\/fintan-guardian-memoria-768x615.png 768w, https:\/\/huellasdelpasado.eu\/wp-content\/uploads\/2026\/07\/fintan-guardian-memoria-300x240.png 300w, https:\/\/huellasdelpasado.eu\/wp-content\/uploads\/2026\/07\/fintan-guardian-memoria-1024x819.png 1024w, https:\/\/huellasdelpasado.eu\/wp-content\/uploads\/2026\/07\/fintan-guardian-memoria-15x12.png 15w, https:\/\/huellasdelpasado.eu\/wp-content\/uploads\/2026\/07\/fintan-guardian-memoria-1320x1056.png 1320w, https:\/\/huellasdelpasado.eu\/wp-content\/uploads\/2026\/07\/fintan-guardian-memoria.png 1402w\" sizes=\"auto, (max-width: 768px) 100vw, 768px\" \/><\/div><\/div><div class=\"kadence-blocks-gallery-item__caption\">Fintan man B\u00f3chra, advisor to kings<\/div><\/a><\/figure><\/div><\/div><\/li><li class=\"kb-slide-item kb-gallery-carousel-item splide__slide\"><div class=\"kadence-blocks-gallery-item\"><div class=\"kadence-blocks-gallery-item-inner\"><figure class=\"kb-gallery-figure kb-gallery-item-has-link kadence-blocks-gallery-item-has-caption\"><a href=\"https:\/\/huellasdelpasado.eu\/wp-content\/uploads\/2026\/07\/fintan-recordando.png\" class=\"kb-gallery-item-link\"  ><div class=\"kb-gal-image-radius\"><div class=\"kb-gallery-image-contain kadence-blocks-gallery-intrinsic kb-gallery-image-ratio-land32 kb-has-image-ratio-land32\" ><img loading=\"lazy\" decoding=\"async\" src=\"https:\/\/huellasdelpasado.eu\/wp-content\/uploads\/2026\/07\/fintan-recordando-768x615.png\" width=\"768\" height=\"615\" alt=\"Fintan mac B\u00f3chra, guardi\u00e1n de la memoria de los or\u00edgenes m\u00edticos de Irlanda.\" data-full-image=\"https:\/\/huellasdelpasado.eu\/wp-content\/uploads\/2026\/07\/fintan-recordando.png\" data-light-image=\"https:\/\/huellasdelpasado.eu\/wp-content\/uploads\/2026\/07\/fintan-recordando.png\" data-id=\"2978\" class=\"wp-image-2978 skip-lazy\" srcset=\"https:\/\/huellasdelpasado.eu\/wp-content\/uploads\/2026\/07\/fintan-recordando-768x615.png 768w, https:\/\/huellasdelpasado.eu\/wp-content\/uploads\/2026\/07\/fintan-recordando-300x240.png 300w, https:\/\/huellasdelpasado.eu\/wp-content\/uploads\/2026\/07\/fintan-recordando-1024x819.png 1024w, https:\/\/huellasdelpasado.eu\/wp-content\/uploads\/2026\/07\/fintan-recordando-15x12.png 15w, https:\/\/huellasdelpasado.eu\/wp-content\/uploads\/2026\/07\/fintan-recordando-1320x1056.png 1320w, https:\/\/huellasdelpasado.eu\/wp-content\/uploads\/2026\/07\/fintan-recordando.png 1402w\" sizes=\"auto, (max-width: 768px) 100vw, 768px\" \/><\/div><\/div><div class=\"kadence-blocks-gallery-item__caption\">Fintan mac B\u00f3chra, guardian of memory<\/div><\/a><\/figure><\/div><\/div><\/li><\/ul><\/div><\/div><\/div><\/div>\n\n\n<h3 class=\"wp-block-heading\">Fintan mac B\u00f3chra: The Man Who Remembered the Entire History of Ireland<\/h3>\n\n\n\n<p class=\"wp-block-paragraph\">Some medieval texts tell how various sages came to consult Fintan precisely because he had witnessed the most ancient events in the island's history.<\/p>\n\n\n\n<p class=\"wp-block-paragraph\">Certain traditions attribute numerous wives to him\u2014as many as sixteen in some accounts\u2014including Cessair. A son is also occasionally mentioned, although both he and the rest of Fintan's family perished during the Flood.<\/p>\n\n\n\n<p class=\"wp-block-paragraph\">According to the sources, Fintan lived for approximately 5,500 years.<\/p>\n\n\n\n<h2 class=\"wp-block-heading\">The Flood<\/h2>\n\n\n\n<p class=\"wp-block-paragraph\">Cessair's time in Ireland was brief.\nShortly after her arrival, the waters of the Flood covered the land. Cessair died alongside most of her followers, and that first settlement disappeared almost entirely beneath the waters. Only Fintan survived to preserve the memory of that lost world.<\/p>\n\n\n\n<p class=\"wp-block-paragraph\">With the Flood, Ireland's first mythical age came to an end.<\/p>\n\n\n\n<p class=\"wp-block-paragraph\">The island was left uninhabited once again.\nBut not for long.<\/p>\n\n\n<style>.kb-image2949_d01fe3-ae .kb-image-has-overlay:after{opacity:0.3;}<\/style>\n<div class=\"wp-block-kadence-image kb-image2949_d01fe3-ae\"><figure class=\"aligncenter size-medium_large\"><a href=\"https:\/\/huellasdelpasado.eu\/wp-content\/uploads\/2026\/07\/fintan-el-diluvio.png\" class=\"kb-advanced-image-link\" aria-label=\"diluvio-irlanda\"><img loading=\"lazy\" decoding=\"async\" width=\"768\" height=\"615\" src=\"https:\/\/huellasdelpasado.eu\/wp-content\/uploads\/2026\/07\/fintan-el-diluvio-768x615.png\" alt=\"Ilustraci\u00f3n del Diluvio cubriendo la costa de la Irlanda m\u00edtica mientras Fintan contempla la inundaci\u00f3n.\" class=\"kb-img wp-image-2973\" srcset=\"https:\/\/huellasdelpasado.eu\/wp-content\/uploads\/2026\/07\/fintan-el-diluvio-768x615.png 768w, https:\/\/huellasdelpasado.eu\/wp-content\/uploads\/2026\/07\/fintan-el-diluvio-300x240.png 300w, https:\/\/huellasdelpasado.eu\/wp-content\/uploads\/2026\/07\/fintan-el-diluvio-1024x819.png 1024w, https:\/\/huellasdelpasado.eu\/wp-content\/uploads\/2026\/07\/fintan-el-diluvio-15x12.png 15w, https:\/\/huellasdelpasado.eu\/wp-content\/uploads\/2026\/07\/fintan-el-diluvio-1320x1056.png 1320w, https:\/\/huellasdelpasado.eu\/wp-content\/uploads\/2026\/07\/fintan-el-diluvio.png 1402w\" sizes=\"auto, (max-width: 768px) 100vw, 768px\" \/><\/a><\/figure><\/div>\n\n\n\n<h2 class=\"wp-block-heading\">The Beginning of a Long History<\/h2>\n\n\n\n<p class=\"wp-block-paragraph\">Although Cessair's story occupies only a few pages of the <em>Lebor Gab\u00e1la \u00c9renn<\/em>, it carries enormous symbolic significance.<\/p>\n\n\n\n<p class=\"wp-block-paragraph\">It represents the beginning of Ireland's mythical memory. A time before the great peoples of Celtic tradition. A world suspended between legend and myth.<\/p>\n\n\n\n<p class=\"wp-block-paragraph\">After the Flood, new settlers would arrive.<\/p>\n\n\n\n<ul class=\"wp-block-list\">\n<li>Parthol\u00f3n and his people.<\/li>\n\n\n\n<li>Nemed and the Nemedians.<\/li>\n\n\n\n<li>The Fir Bolg.<\/li>\n\n\n\n<li>the Tuatha D\u00e9 Danann.<\/li>\n\n\n\n<li>And finally, the Milesians.<\/li>\n<\/ul>\n\n\n\n<p class=\"wp-block-paragraph\">But before all of them came Cessair.<\/p>\n\n\n\n<p class=\"wp-block-paragraph\">The woman who, according to tradition, was the first to set foot in Ireland.<\/p>\n\n\n<style>.kb-image2949_a92936-fb .kb-image-has-overlay:after{opacity:0.3;}<\/style>\n<div class=\"wp-block-kadence-image kb-image2949_a92936-fb\"><figure class=\"aligncenter size-medium_large\"><a href=\"https:\/\/huellasdelpasado.eu\/wp-content\/uploads\/2026\/07\/cessair-desembarca-irlanda.png\" class=\"kb-advanced-image-link\" aria-label=\"cessair-desembarca-en-irlanda\"><img loading=\"lazy\" decoding=\"async\" width=\"768\" height=\"655\" src=\"https:\/\/huellasdelpasado.eu\/wp-content\/uploads\/2026\/07\/cessair-desembarca-irlanda-768x655.png\" alt=\"Cessair poniendo por primera vez un pie en Irlanda seg\u00fan la mitolog\u00eda irlandesa.\" class=\"kb-img wp-image-2968\" srcset=\"https:\/\/huellasdelpasado.eu\/wp-content\/uploads\/2026\/07\/cessair-desembarca-irlanda-768x655.png 768w, https:\/\/huellasdelpasado.eu\/wp-content\/uploads\/2026\/07\/cessair-desembarca-irlanda-300x256.png 300w, https:\/\/huellasdelpasado.eu\/wp-content\/uploads\/2026\/07\/cessair-desembarca-irlanda-1024x874.png 1024w, https:\/\/huellasdelpasado.eu\/wp-content\/uploads\/2026\/07\/cessair-desembarca-irlanda-14x12.png 14w, https:\/\/huellasdelpasado.eu\/wp-content\/uploads\/2026\/07\/cessair-desembarca-irlanda-1320x1127.png 1320w, https:\/\/huellasdelpasado.eu\/wp-content\/uploads\/2026\/07\/cessair-desembarca-irlanda.png 1358w\" sizes=\"auto, (max-width: 768px) 100vw, 768px\" \/><\/a><\/figure><\/div>\n\n\n\n<h2 class=\"wp-block-heading\">Curiosities<\/h2>\n\n\n\n<h3 class=\"wp-block-heading\">Was She Really Noah's Granddaughter?<\/h3>\n\n\n\n<p class=\"wp-block-paragraph\">Medieval sources present Cessair as a descendant of Noah because Christian monks attempted to integrate ancient Irish traditions into a universal biblical chronology.<\/p>\n\n\n\n<p class=\"wp-block-paragraph\">Many researchers believe that the figure of Cessair may have originated in much older traditions that were later reinterpreted from a Christian perspective.<\/p>\n\n\n\n<h2 class=\"wp-block-heading\">Follow the Footprints<\/h2>\n\n\n\n<h3 class=\"wp-block-heading\">Visit It Today...<\/h3>\n\n\n\n<p class=\"wp-block-paragraph\">Although Cessair's story belongs to the world of myth, there are still places in Ireland associated with her legend.<\/p>\n\n\n\n<p class=\"wp-block-paragraph\">One of the best known is <strong>C\u00fail Ceasra<\/strong>, identified by some traditions as Cessair's burial place and located in County Roscommon. As with many places associated with Irish mythology, it is impossible to completely separate history from legend.<\/p>\n\n\n\n<p class=\"wp-block-paragraph\">Nevertheless, these landscapes continue to evoke one of the oldest surviving narratives about the mythical origins of Ireland.<\/p>\n\n\n\n<h4 class=\"wp-block-heading\">County Roscommon&nbsp;<\/h4>\n\n\n\n<p class=\"wp-block-paragraph\">Various local traditions place some of the locations associated with Cessair and the earliest stories of the <em>Lebor Gab\u00e1la \u00c9renn<\/em>.<\/p>\n\n\n\n<p class=\"wp-block-paragraph\">Although there is no archaeological evidence confirming the events described in the legend, the landscape preserves the echo of one of the oldest foundation stories in Irish mythology.<\/p>\n\n\n\n<h4 class=\"wp-block-heading\">Fintan's Cave<\/h4>\n\n\n\n<p class=\"wp-block-paragraph\">Located on Arra Mountain, near Lough Derg, on the hill of Tul Tuinde.<\/p>\n\n\n\n<p class=\"wp-block-paragraph\">Today, we do not know whether Fintan's Cave ever truly existed. However, for centuries, local tradition identified this place as the refuge where the last survivor of the world before the Flood escaped the rising waters.<\/p>\n\n\n\n<h4 class=\"wp-block-heading\">Fintan's Grave<\/h4>\n\n\n\n<p class=\"wp-block-paragraph\">Some traditions claim that Fintan eventually died and was buried. Others maintain that he left Ireland transformed into a hawk.<\/p>\n\n\n\n<p class=\"wp-block-paragraph\">Tradition generally places his grave near Lough Derg, in County Tipperary, close to Arra Mountain.<\/p>\n\n\n\n<p class=\"wp-block-paragraph\"><\/p>","protected":false},"excerpt":{"rendered":"<p>Mucho antes de los Tuatha D\u00e9 Danann, de los Fomorianos o de los h\u00e9roes de las leyendas irlandesas, existe una [&hellip;]<\/p>\n","protected":false},"author":1,"featured_media":2965,"comment_status":"closed","ping_status":"closed","sticky":false,"template":"","format":"standard","meta":{"site-sidebar-layout":"default","site-content-layout":"","ast-site-content-layout":"default","site-content-style":"default","site-sidebar-style":"default","ast-global-header-display":"","ast-banner-title-visibility":"","ast-main-header-display":"","ast-hfb-above-header-display":"","ast-hfb-below-header-display":"","ast-hfb-mobile-header-display":"","site-post-title":"","ast-breadcrumbs-content":"","ast-featured-img":"","footer-sml-layout":"","ast-disable-related-posts":"","theme-transparent-header-meta":"","adv-header-id-meta":"","stick-header-meta":"","header-above-stick-meta":"","header-main-stick-meta":"","header-below-stick-meta":"","astra-migrate-meta-layouts":"default","ast-page-background-enabled":"default","ast-page-background-meta":{"desktop":{"background-color":"var(--ast-global-color-5)","background-image":"","background-repeat":"repeat","background-position":"center center","background-size":"auto","background-attachment":"scroll","background-type":"","background-media":"","overlay-type":"","overlay-color":"","overlay-opacity":"","overlay-gradient":""},"tablet":{"background-color":"","background-image":"","background-repeat":"repeat","background-position":"center center","background-size":"auto","background-attachment":"scroll","background-type":"","background-media":"","overlay-type":"","overlay-color":"","overlay-opacity":"","overlay-gradient":""},"mobile":{"background-color":"","background-image":"","background-repeat":"repeat","background-position":"center center","background-size":"auto","background-attachment":"scroll","background-type":"","background-media":"","overlay-type":"","overlay-color":"","overlay-opacity":"","overlay-gradient":""}},"ast-content-background-meta":{"desktop":{"background-color":"var(--ast-global-color-4)","background-image":"","background-repeat":"repeat","background-position":"center center","background-size":"auto","background-attachment":"scroll","background-type":"","background-media":"","overlay-type":"","overlay-color":"","overlay-opacity":"","overlay-gradient":""},"tablet":{"background-color":"var(--ast-global-color-4)","background-image":"","background-repeat":"repeat","background-position":"center center","background-size":"auto","background-attachment":"scroll","background-type":"","background-media":"","overlay-type":"","overlay-color":"","overlay-opacity":"","overlay-gradient":""},"mobile":{"background-color":"var(--ast-global-color-4)","background-image":"","background-repeat":"repeat","background-position":"center center","background-size":"auto","background-attachment":"scroll","background-type":"","background-media":"","overlay-type":"","overlay-color":"","overlay-opacity":"","overlay-gradient":""}},"footnotes":""},"categories":[43],"tags":[805,811,813,812,707,817,815,196,810,303,194,304,806,814,193,816,290],"class_list":["post-2949","post","type-post","status-publish","format-standard","has-post-thumbnail","hentry","category-celta","tag-cessair","tag-cessair-irlanda","tag-diluvio-mitologia-irlandesa","tag-fintan","tag-folclore-celta","tag-historia-mitica","tag-invasiones-miticas","tag-irlanda","tag-ivasiones-de-irlanda","tag-lebor-gabala-erenn","tag-mitologia-celta","tag-mitologia-irlandesa","tag-noe","tag-primera-invasion-irlandesa","tag-san-patricio","tag-tradicion-irlandesa","tag-tuatha-de-danann"],"_links":{"self":[{"href":"https:\/\/huellasdelpasado.eu\/en\/wp-json\/wp\/v2\/posts\/2949","targetHints":{"allow":["GET"]}}],"collection":[{"href":"https:\/\/huellasdelpasado.eu\/en\/wp-json\/wp\/v2\/posts"}],"about":[{"href":"https:\/\/huellasdelpasado.eu\/en\/wp-json\/wp\/v2\/types\/post"}],"author":[{"embeddable":true,"href":"https:\/\/huellasdelpasado.eu\/en\/wp-json\/wp\/v2\/users\/1"}],"replies":[{"embeddable":true,"href":"https:\/\/huellasdelpasado.eu\/en\/wp-json\/wp\/v2\/comments?post=2949"}],"version-history":[{"count":17,"href":"https:\/\/huellasdelpasado.eu\/en\/wp-json\/wp\/v2\/posts\/2949\/revisions"}],"predecessor-version":[{"id":3522,"href":"https:\/\/huellasdelpasado.eu\/en\/wp-json\/wp\/v2\/posts\/2949\/revisions\/3522"}],"wp:featuredmedia":[{"embeddable":true,"href":"https:\/\/huellasdelpasado.eu\/en\/wp-json\/wp\/v2\/media\/2965"}],"wp:attachment":[{"href":"https:\/\/huellasdelpasado.eu\/en\/wp-json\/wp\/v2\/media?parent=2949"}],"wp:term":[{"taxonomy":"category","embeddable":true,"href":"https:\/\/huellasdelpasado.eu\/en\/wp-json\/wp\/v2\/categories?post=2949"},{"taxonomy":"post_tag","embeddable":true,"href":"https:\/\/huellasdelpasado.eu\/en\/wp-json\/wp\/v2\/tags?post=2949"}],"curies":[{"name":"wp","href":"https:\/\/api.w.org\/{rel}","templated":true}]}}