{"id":2891,"date":"2026-08-06T10:00:00","date_gmt":"2026-08-06T10:00:00","guid":{"rendered":"https:\/\/huellasdelpasado.eu\/?p=2891"},"modified":"2026-09-03T13:56:54","modified_gmt":"2026-09-03T13:56:54","slug":"fomorianos-mitologia-irlandesa","status":"publish","type":"post","link":"https:\/\/huellasdelpasado.eu\/en\/fomorianos-mitologia-irlandesa\/","title":{"rendered":"The Fomorians: The Ancient Enemies of Ireland"},"content":{"rendered":"<style>.kb-image2891_da73bb-dc .kb-image-has-overlay:after{opacity:0.3;}<\/style>\n<figure class=\"wp-block-kadence-image kb-image2891_da73bb-dc alignfull size-full\"><img loading=\"lazy\" decoding=\"async\" width=\"1638\" height=\"960\" src=\"https:\/\/huellasdelpasado.eu\/wp-content\/uploads\/2026\/07\/fomorianos-mitologia-irlandesa.png\" alt=\"Los Fomorianos, los enemigos de los distintos pueblos de Irlanda seg\u00fan la mitolog\u00eda celta.\" class=\"kb-img wp-image-2989\" srcset=\"https:\/\/huellasdelpasado.eu\/wp-content\/uploads\/2026\/07\/fomorianos-mitologia-irlandesa.png 1638w, https:\/\/huellasdelpasado.eu\/wp-content\/uploads\/2026\/07\/fomorianos-mitologia-irlandesa-300x176.png 300w, https:\/\/huellasdelpasado.eu\/wp-content\/uploads\/2026\/07\/fomorianos-mitologia-irlandesa-1024x600.png 1024w, https:\/\/huellasdelpasado.eu\/wp-content\/uploads\/2026\/07\/fomorianos-mitologia-irlandesa-768x450.png 768w, https:\/\/huellasdelpasado.eu\/wp-content\/uploads\/2026\/07\/fomorianos-mitologia-irlandesa-1536x900.png 1536w, https:\/\/huellasdelpasado.eu\/wp-content\/uploads\/2026\/07\/fomorianos-mitologia-irlandesa-18x12.png 18w, https:\/\/huellasdelpasado.eu\/wp-content\/uploads\/2026\/07\/fomorianos-mitologia-irlandesa-1320x774.png 1320w\" sizes=\"auto, (max-width: 1638px) 100vw, 1638px\" \/><\/figure>\n\n\n\n<p class=\"wp-block-paragraph\">Before the Tuatha D\u00e9 Danann. Before the Fir Bolg. Even before many of the mythical peoples arrived in Ireland, the legends already spoke of a dark presence associated with the island.<\/p>\n\n\n\n<p class=\"wp-block-paragraph\">They were <strong>Fomorians<\/strong>.<\/p>\n\n\n\n<p class=\"wp-block-paragraph\">Mysterious, powerful, and feared, they appear time and again in the tales of the <em><a href=\"https:\/\/huellasdelpasado.eu\/en\/lebor-gabala-eireann-libro-invasiones-irlanda\/\">Lebor Gab\u00e1la \u00c9renn<\/a><\/em> (<em>The Book of the Taking of Ireland<\/em>), becoming one of the most important peoples in all of Irish mythology.<\/p>\n\n\n\n<p class=\"wp-block-paragraph\">They were not simply the enemies of a single people.<\/p>\n\n\n\n<ul class=\"wp-block-list\">\n<li>They fought against Parthol\u00f3n.<\/li>\n\n\n\n<li>They fought against Nemed.<\/li>\n\n\n\n<li>They fought against the Tuatha D\u00e9 Danann.<\/li>\n<\/ul>\n\n\n\n<p class=\"wp-block-paragraph\">And for generations, they became one of the great forces that shaped the mythical destiny of Ireland.<\/p>\n\n\n\n<h2 class=\"wp-block-heading\">Who Were the Fomorians?<\/h2>\n\n\n\n<p class=\"wp-block-paragraph\">Answering this question is not easy. Medieval Irish sources do not always agree on their origins and present different versions of their story.<\/p>\n\n\n\n<p class=\"wp-block-paragraph\">In some accounts, they appear as supernatural beings connected to the sea. In others, as ancient inhabitants of Ireland. They are also described as giants, warriors, pirates, or powerful entities associated with the primal forces of nature.<\/p>\n\n\n\n<p class=\"wp-block-paragraph\">Their very name has been the subject of debate for centuries.<\/p>\n\n\n\n<p class=\"wp-block-paragraph\">Some scholars have connected the term with ideas associated with the sea, the underworld, or dark and chaotic forces.<\/p>\n\n\n\n<p class=\"wp-block-paragraph\">What is certain is that, within Irish tradition, the Fomorians represent something far greater than simply an enemy people. In many tales, they embody the wild and dangerous forces that constantly threaten order and prosperity.<\/p>\n\n\n<style>.kb-image2891_af66f9-cf .kb-image-has-overlay:after{opacity:0.3;}<\/style>\n<div class=\"wp-block-kadence-image kb-image2891_af66f9-cf\"><figure class=\"aligncenter size-medium_large\"><a href=\"https:\/\/huellasdelpasado.eu\/wp-content\/uploads\/2026\/07\/fomorianos.png\" class=\"kb-advanced-image-link\" aria-label=\"los-fomorianos\"><img loading=\"lazy\" decoding=\"async\" width=\"768\" height=\"606\" src=\"https:\/\/huellasdelpasado.eu\/wp-content\/uploads\/2026\/07\/fomorianos-768x606.png\" alt=\"Grupo de Fomorianos con diferentes apariencias, desde humanos hasta gigantes seg\u00fan la mitolog\u00eda irlandesa.\" class=\"kb-img wp-image-2991\" srcset=\"https:\/\/huellasdelpasado.eu\/wp-content\/uploads\/2026\/07\/fomorianos-768x606.png 768w, https:\/\/huellasdelpasado.eu\/wp-content\/uploads\/2026\/07\/fomorianos-300x237.png 300w, https:\/\/huellasdelpasado.eu\/wp-content\/uploads\/2026\/07\/fomorianos-1024x808.png 1024w, https:\/\/huellasdelpasado.eu\/wp-content\/uploads\/2026\/07\/fomorianos-15x12.png 15w, https:\/\/huellasdelpasado.eu\/wp-content\/uploads\/2026\/07\/fomorianos-1320x1041.png 1320w, https:\/\/huellasdelpasado.eu\/wp-content\/uploads\/2026\/07\/fomorianos.png 1412w\" sizes=\"auto, (max-width: 768px) 100vw, 768px\" \/><\/a><\/figure><\/div>\n\n\n\n<h2 class=\"wp-block-heading\">The Lords of Chaos<\/h2>\n\n\n\n<p class=\"wp-block-paragraph\">While other peoples attempt to cultivate the land, establish settlements, and build a new society, the Fomorians often appear as a force of destruction.<\/p>\n\n\n\n<p class=\"wp-block-paragraph\">In the legends, they demand tribute, unleash conflicts, impose burdens upon their enemies, and use their power to dominate those they consider weaker.<\/p>\n\n\n\n<p class=\"wp-block-paragraph\">For this reason, many scholars have interpreted the Fomorians as a mythical representation of chaos opposed to order.<\/p>\n\n\n\n<p class=\"wp-block-paragraph\">They are not simply the villains of the story. They represent that which constantly threatens the balance of the world.<\/p>\n\n\n<style>.kb-image2891_f3bc48-09 .kb-image-has-overlay:after{opacity:0.3;}<\/style>\n<div class=\"wp-block-kadence-image kb-image2891_f3bc48-09\"><figure class=\"aligncenter size-medium_large\"><a href=\"https:\/\/huellasdelpasado.eu\/wp-content\/uploads\/2026\/07\/tributos-fomorianos.png\" class=\"kb-advanced-image-link\" aria-label=\"tributos-a-fomorianos\"><img loading=\"lazy\" decoding=\"async\" width=\"768\" height=\"615\" src=\"https:\/\/huellasdelpasado.eu\/wp-content\/uploads\/2026\/07\/tributos-fomorianos-768x615.png\" alt=\"Los Fomorianos impon\u00edan tributos a  los distintos pueblos seg\u00fan la mitolog\u00eda irlandesa.\" class=\"kb-img wp-image-2993\" srcset=\"https:\/\/huellasdelpasado.eu\/wp-content\/uploads\/2026\/07\/tributos-fomorianos-768x615.png 768w, https:\/\/huellasdelpasado.eu\/wp-content\/uploads\/2026\/07\/tributos-fomorianos-300x240.png 300w, https:\/\/huellasdelpasado.eu\/wp-content\/uploads\/2026\/07\/tributos-fomorianos-1024x819.png 1024w, https:\/\/huellasdelpasado.eu\/wp-content\/uploads\/2026\/07\/tributos-fomorianos-15x12.png 15w, https:\/\/huellasdelpasado.eu\/wp-content\/uploads\/2026\/07\/tributos-fomorianos-1320x1056.png 1320w, https:\/\/huellasdelpasado.eu\/wp-content\/uploads\/2026\/07\/tributos-fomorianos.png 1402w\" sizes=\"auto, (max-width: 768px) 100vw, 768px\" \/><\/a><\/figure><\/div>\n\n\n\n<h2 class=\"wp-block-heading\">The Fomorians and the Tuatha D\u00e9 Danann<\/h2>\n\n\n\n<p class=\"wp-block-paragraph\">Although they often appear as enemies, the relationship between the Fomorians and the Tuatha D\u00e9 Danann is far more complex than that of two opposing peoples.<\/p>\n\n\n\n<p class=\"wp-block-paragraph\">There are marriages, alliances, and family ties between them. One example is <strong>Elatha<\/strong>, a Fomorian king and the father of <strong>Bres<\/strong>, who would later become king of the Tuatha D\u00e9 Danann.<\/p>\n\n\n\n<p class=\"wp-block-paragraph\">In fact, some of the most important figures in Irish mythology descend from both lineages.&nbsp;<\/p>\n\n\n\n<h2 class=\"wp-block-heading\">Early Fomorian Leaders<\/h2>\n\n\n\n<p class=\"wp-block-paragraph\">In the earliest <a href=\"https:\/\/huellasdelpasado.eu\/en\/invasiones-miticas-de-irlanda\/\">mythical invasions<\/a>, the sources do not yet present a clear list of great Fomorian kings. Instead, different chiefs or leaders appear in connection with different conflicts, such as:<\/p>\n\n\n\n<ul class=\"wp-block-list\">\n<li><strong>Cichol Gricenchos<\/strong>, defeated by Parthol\u00f3n at Magh Itha<\/li>\n\n\n\n<li><strong>Conand<\/strong>, lord of Conand's Tower<\/li>\n\n\n\n<li><strong>Morc<\/strong>, who led the Fomorian fleet against the Nemedians<\/li>\n<\/ul>\n\n\n\n<p class=\"wp-block-paragraph\">Over time, the traditions would focus their attention on other, far better-known rulers whose stories occupy a prominent place within the Irish Mythological Cycle.<\/p>\n\n\n\n<h2 class=\"wp-block-heading\">Fomorian Kings<\/h2>\n\n\n\n<p class=\"wp-block-paragraph\">Among the most important kings are:&nbsp;<\/p>\n\n\n\n<ul class=\"wp-block-list\">\n<li>Indech<\/li>\n\n\n\n<li>Elatha<\/li>\n\n\n\n<li>Tethra<\/li>\n\n\n\n<li>Balor<\/li>\n<\/ul>\n\n\n\n<p class=\"wp-block-paragraph\">The Fomorians appear under the rule of different kings depending on the period and tradition. However, Balor is by far the most famous.<\/p>\n\n\n<style>.kb-image2891_8a0e58-7e .kb-image-has-overlay:after{opacity:0.3;}<\/style>\n<div class=\"wp-block-kadence-image kb-image2891_8a0e58-7e\"><figure class=\"aligncenter size-medium_large\"><a href=\"https:\/\/huellasdelpasado.eu\/wp-content\/uploads\/2026\/07\/balor-rey-fomoriano.png\" class=\"kb-advanced-image-link\" aria-label=\"balor-rey-fomoriano\"><img loading=\"lazy\" decoding=\"async\" width=\"768\" height=\"615\" src=\"https:\/\/huellasdelpasado.eu\/wp-content\/uploads\/2026\/07\/balor-rey-fomoriano-768x615.png\" alt=\"Balor, el rey fomoriano m\u00e1s famoso de la mitolog\u00eda celta.\" class=\"kb-img wp-image-2995\" srcset=\"https:\/\/huellasdelpasado.eu\/wp-content\/uploads\/2026\/07\/balor-rey-fomoriano-768x615.png 768w, https:\/\/huellasdelpasado.eu\/wp-content\/uploads\/2026\/07\/balor-rey-fomoriano-300x240.png 300w, https:\/\/huellasdelpasado.eu\/wp-content\/uploads\/2026\/07\/balor-rey-fomoriano-1024x819.png 1024w, https:\/\/huellasdelpasado.eu\/wp-content\/uploads\/2026\/07\/balor-rey-fomoriano-15x12.png 15w, https:\/\/huellasdelpasado.eu\/wp-content\/uploads\/2026\/07\/balor-rey-fomoriano-1320x1056.png 1320w, https:\/\/huellasdelpasado.eu\/wp-content\/uploads\/2026\/07\/balor-rey-fomoriano.png 1402w\" sizes=\"auto, (max-width: 768px) 100vw, 768px\" \/><\/a><\/figure><\/div>\n\n\n\n<h2 class=\"wp-block-heading\">Balor: The Most Famous of the Fomorians<\/h2>\n\n\n\n<p class=\"wp-block-paragraph\">If there is one name associated with the Fomorians, it is <strong>Balor<\/strong>.<\/p>\n\n\n\n<p class=\"wp-block-paragraph\">Balor was one of their most feared kings.\nThe legends describe him as a giant of immense power whose eye could bring destruction and death. His figure would become one of the most famous in all of Irish mythology.<\/p>\n\n\n\n<p class=\"wp-block-paragraph\">However, his story is closely connected to another figure destined to change the fate of \nIreland: <strong>Lugh.<\/strong><\/p>\n\n\n\n<h2 class=\"wp-block-heading\">The Prophecy of Balor\nBuarainech usually appears as Balor's father.<\/h2>\n\n\n\n<p class=\"wp-block-paragraph\">Buarainech aparece normalmente como el padre de Balor.<\/p>\n\n\n\n<p class=\"wp-block-paragraph\">The sources vary as to whether Balor had a single wife. However, his most famous story revolves around his daughter <strong>Ethniu (Eithne)<\/strong> and a prophecy.<\/p>\n\n\n\n<h3 class=\"wp-block-heading\">The Prophecy<\/h3>\n\n\n\n<p class=\"wp-block-paragraph\">According to tradition, a druid announces a prophecy to Balor:&nbsp;<\/p>\n\n\n\n<blockquote class=\"wp-block-quote is-layout-flow wp-block-quote-is-layout-flow\">\n<p class=\"wp-block-paragraph\">\u201cYou will die at the hands of your grandson.\u201d<\/p>\n<\/blockquote>\n\n\n\n<p class=\"wp-block-paragraph\">To prevent it from coming true, Balor imprisons Ethniu on an island, in a tower, or in an isolated fortress, intending to ensure that she never has children.<\/p>\n\n\n\n<p class=\"wp-block-paragraph\">Bir\u00f3g (or Birog), a powerful druidess or sorceress, knows of the prophecy and decides to help bring it to fulfilment. Using her magic, she leads Cian to the fortress where Ethniu is imprisoned.&nbsp;<\/p>\n\n\n\n<p class=\"wp-block-paragraph\">There, the two meet and conceive a child. From their union, <strong>Lugh<\/strong>is born, destined to fulfil the prophecy.<\/p>\n\n\n\n<p class=\"wp-block-paragraph\">From this point onward, the different Irish traditions begin to diverge in some details of the story.<\/p>\n\n\n\n<p class=\"wp-block-paragraph\">In some versions, Ethniu gives birth to triplets. When Balor discovers the pregnancy, he orders the children to be killed. They are wrapped in cloth or placed in a sack and thrown into the sea.&nbsp;<\/p>\n\n\n\n<p class=\"wp-block-paragraph\">One of them survives: Lugh.<\/p>\n\n\n\n<p class=\"wp-block-paragraph\">Bir\u00f3g intervenes once again and rescues the child from the sea before giving him to his father, Cian. Lugh is raised by different figures, including the sea god <strong>Manannan mac Lir<\/strong> and <strong>Tailtiu<\/strong>, depending on the tradition.<\/p>\n\n\n\n<p class=\"wp-block-paragraph\">In other versions, Ethniu and Cian have only one child: Lugh.<\/p>\n\n\n\n<p class=\"wp-block-paragraph\">Balor likewise attempts to dispose of the child by throwing him into the sea, but he:&nbsp;<\/p>\n\n\n\n<ul class=\"wp-block-list\">\n<li>is rescued by Bir\u00f3g;<\/li>\n\n\n\n<li>is raised in secret by the Tuatha D\u00e9 Danann.<\/li>\n<\/ul>\n\n\n\n<p class=\"wp-block-paragraph\">In some versions, the confrontation between Balor and Lugh eventually becomes one of the most important moments of the <strong>Second Battle of Mag Tuired.<\/strong><\/p>\n\n\n\n<p class=\"wp-block-paragraph\">Cian (C\u00edan) is the son of the healing god <strong>Dian C\u00e9cht<\/strong>, one of the great gods of the Tuatha D\u00e9 Danann.<\/p>\n\n\n\n<p class=\"wp-block-paragraph\">Years later, Cian will be murdered by the three sons of Tuireann, giving rise to another important Irish legend: <strong>The Fate of the Children of Tuireann<\/strong>, in which Lugh demands compensation for his father's death.<\/p>\n\n\n<style>.wp-block-kadence-advancedgallery.kb-gallery-wrap-id-2891_57928f-84{overflow:hidden;}.kb-gallery-id-2891_57928f-84 .kadence-blocks-gallery-item .kb-gal-image-radius, .kb-gallery-id-2891_57928f-84 .kb-slide-item .kb-gal-image-radius img{border-radius:0px 0px 0px 0px;;}.kb-gallery-caption-style-cover-hover.kb-gallery-id-2891_57928f-84 .kadence-blocks-gallery-item .kadence-blocks-gallery-item-inner .kadence-blocks-gallery-item__caption, .kb-gallery-caption-style-below.kb-gallery-id-2891_57928f-84 .kadence-blocks-gallery-item .kadence-blocks-gallery-item-inner .kadence-blocks-gallery-item__caption{background:rgba(0, 0, 0, 0.8);}.kb-gallery-wrap-id-2891_57928f-84.wp-block-kadence-advancedgallery{overflow:visible;}.kb-gallery-wrap-id-2891_57928f-84.wp-block-kadence-advancedgallery .kt-blocks-carousel{overflow:visible;}<\/style><div class=\"kb-gallery-wrap-id-2891_57928f-84 alignnone wp-block-kadence-advancedgallery\"><div class=\"kb-gallery-ul kb-gallery-non-static kb-gallery-type-carousel kb-gallery-id-2891_57928f-84 kb-gallery-caption-style-below kb-gallery-filter-none\" data-image-filter=\"none\" data-lightbox-caption=\"true\"><div class=\"kt-blocks-carousel splide kt-carousel-container-dotstyle-dark kt-carousel-arrowstyle-whiteondark kt-carousel-dotstyle-dark kb-slider-group-arrow kb-slider-arrow-position-center\" data-columns-xxl=\"2\" data-columns-xl=\"2\" data-columns-md=\"2\" data-columns-sm=\"2\" data-columns-xs=\"1\" data-columns-ss=\"1\" data-slider-anim-speed=\"400\" data-slider-scroll=\"1\" data-slider-arrows=\"true\" data-slider-dots=\"true\" data-slider-hover-pause=\"false\" data-slider-auto=\"\" data-slider-speed=\"7000\" data-slider-gap=\"10px\" data-slider-gap-tablet=\"10px\" data-slider-gap-mobile=\"10px\" data-show-pause-button=\"false\" data-slider-label=\"Photo Gallery Carousel\"><div class=\"splide__track\"><ul class=\"kt-blocks-carousel-init kb-gallery-carousel splide__list\"><li class=\"kb-slide-item kb-gallery-carousel-item splide__slide\"><div class=\"kadence-blocks-gallery-item\"><div class=\"kadence-blocks-gallery-item-inner\"><figure class=\"kb-gallery-figure kb-gallery-item-has-link kadence-blocks-gallery-item-has-caption\"><a href=\"https:\/\/huellasdelpasado.eu\/wp-content\/uploads\/2026\/07\/ethniu-encerrada.png\" class=\"kb-gallery-item-link\"  ><div class=\"kb-gal-image-radius\"><div class=\"kb-gallery-image-contain kadence-blocks-gallery-intrinsic kb-gallery-image-ratio-land32 kb-has-image-ratio-land32\" ><img loading=\"lazy\" decoding=\"async\" src=\"https:\/\/huellasdelpasado.eu\/wp-content\/uploads\/2026\/07\/ethniu-encerrada-819x1024.png\" width=\"819\" height=\"1024\" alt=\"Ethniu encerrada en una torre aislada por orden Balor para evitar la profec\u00eda que cierne sobre \u00e9l-\" data-full-image=\"https:\/\/huellasdelpasado.eu\/wp-content\/uploads\/2026\/07\/ethniu-encerrada.png\" data-light-image=\"https:\/\/huellasdelpasado.eu\/wp-content\/uploads\/2026\/07\/ethniu-encerrada.png\" data-id=\"3002\" class=\"wp-image-3002 skip-lazy\" srcset=\"https:\/\/huellasdelpasado.eu\/wp-content\/uploads\/2026\/07\/ethniu-encerrada-819x1024.png 819w, https:\/\/huellasdelpasado.eu\/wp-content\/uploads\/2026\/07\/ethniu-encerrada-240x300.png 240w, https:\/\/huellasdelpasado.eu\/wp-content\/uploads\/2026\/07\/ethniu-encerrada-768x960.png 768w, https:\/\/huellasdelpasado.eu\/wp-content\/uploads\/2026\/07\/ethniu-encerrada-10x12.png 10w, https:\/\/huellasdelpasado.eu\/wp-content\/uploads\/2026\/07\/ethniu-encerrada.png 1122w\" sizes=\"auto, (max-width: 819px) 100vw, 819px\" \/><\/div><\/div><div class=\"kadence-blocks-gallery-item__caption\">Ethniu Imprisoned<\/div><\/a><\/figure><\/div><\/div><\/li><li class=\"kb-slide-item kb-gallery-carousel-item splide__slide\"><div class=\"kadence-blocks-gallery-item\"><div class=\"kadence-blocks-gallery-item-inner\"><figure class=\"kb-gallery-figure kb-gallery-item-has-link kadence-blocks-gallery-item-has-caption\"><a href=\"https:\/\/huellasdelpasado.eu\/wp-content\/uploads\/2026\/07\/birog-llevando-a-cian.png\" class=\"kb-gallery-item-link\"  ><div class=\"kb-gal-image-radius\"><div class=\"kb-gallery-image-contain kadence-blocks-gallery-intrinsic kb-gallery-image-ratio-land32 kb-has-image-ratio-land32\" ><img loading=\"lazy\" decoding=\"async\" src=\"https:\/\/huellasdelpasado.eu\/wp-content\/uploads\/2026\/07\/birog-llevando-a-cian-1024x819.png\" width=\"1024\" height=\"819\" alt=\"La hechicera Bir\u00f3g utilizando su magia para guiar a Cian hasta la fortaleza donde permanece encerrada Ethniu seg\u00fan la mitolog\u00eda irlandesa.\" data-full-image=\"https:\/\/huellasdelpasado.eu\/wp-content\/uploads\/2026\/07\/birog-llevando-a-cian.png\" data-light-image=\"https:\/\/huellasdelpasado.eu\/wp-content\/uploads\/2026\/07\/birog-llevando-a-cian.png\" data-id=\"3003\" class=\"wp-image-3003 skip-lazy\" srcset=\"https:\/\/huellasdelpasado.eu\/wp-content\/uploads\/2026\/07\/birog-llevando-a-cian-1024x819.png 1024w, https:\/\/huellasdelpasado.eu\/wp-content\/uploads\/2026\/07\/birog-llevando-a-cian-300x240.png 300w, https:\/\/huellasdelpasado.eu\/wp-content\/uploads\/2026\/07\/birog-llevando-a-cian-768x615.png 768w, https:\/\/huellasdelpasado.eu\/wp-content\/uploads\/2026\/07\/birog-llevando-a-cian-15x12.png 15w, https:\/\/huellasdelpasado.eu\/wp-content\/uploads\/2026\/07\/birog-llevando-a-cian-1320x1056.png 1320w, https:\/\/huellasdelpasado.eu\/wp-content\/uploads\/2026\/07\/birog-llevando-a-cian.png 1402w\" sizes=\"auto, (max-width: 1024px) 100vw, 1024px\" \/><\/div><\/div><div class=\"kadence-blocks-gallery-item__caption\">Bir\u00f3g guiding Cian<\/div><\/a><\/figure><\/div><\/div><\/li><\/ul><\/div><\/div><\/div><\/div>\n\n\n<h2 class=\"wp-block-heading\">The Eye of Balor: His Famous Weapon<\/h2>\n\n\n\n<p class=\"wp-block-paragraph\">Depending on the version or Irish source, Balor's eye could:<\/p>\n\n\n\n<ul class=\"wp-block-list\">\n<li>kill with its gaze;<\/li>\n\n\n\n<li>destroy armies;<\/li>\n\n\n\n<li>release devastating energy;<\/li>\n\n\n\n<li>spread disease;<\/li>\n\n\n\n<li>wither life.<\/li>\n<\/ul>\n\n\n\n<p class=\"wp-block-paragraph\">However, Balor could not open his eye easily.\nIt was so powerful and heavy that he needed help to raise the eyelid. Some accounts describe several warriors using hooks to open it.<\/p>\n\n\n\n<p class=\"wp-block-paragraph\">Of the various traditions associated with his eye, the best known tells that Balor spied upon druids while they were performing magical rituals. The fumes produced by their spells reached his eye, which from that moment acquired its devastating power.<\/p>\n\n\n<style>.kb-image2891_d1ff8d-26 .kb-image-has-overlay:after{opacity:0.3;}<\/style>\n<div class=\"wp-block-kadence-image kb-image2891_d1ff8d-26\"><figure class=\"aligncenter size-medium_large\"><a href=\"https:\/\/huellasdelpasado.eu\/wp-content\/uploads\/2026\/07\/ojo-de-balor.png\" class=\"kb-advanced-image-link\" aria-label=\"ojo-de-balor\"><img loading=\"lazy\" decoding=\"async\" width=\"768\" height=\"615\" src=\"https:\/\/huellasdelpasado.eu\/wp-content\/uploads\/2026\/07\/ojo-de-balor-768x615.png\" alt=\"El gigantesco ojo de Balor, su arma m\u00e1s temida, siendo su p\u00e1rpado levantado por varios guerreros con ganchos seg\u00fan la mitolog\u00eda irlandesa.\" class=\"kb-img wp-image-3000\" srcset=\"https:\/\/huellasdelpasado.eu\/wp-content\/uploads\/2026\/07\/ojo-de-balor-768x615.png 768w, https:\/\/huellasdelpasado.eu\/wp-content\/uploads\/2026\/07\/ojo-de-balor-300x240.png 300w, https:\/\/huellasdelpasado.eu\/wp-content\/uploads\/2026\/07\/ojo-de-balor-1024x819.png 1024w, https:\/\/huellasdelpasado.eu\/wp-content\/uploads\/2026\/07\/ojo-de-balor-15x12.png 15w, https:\/\/huellasdelpasado.eu\/wp-content\/uploads\/2026\/07\/ojo-de-balor-1320x1056.png 1320w, https:\/\/huellasdelpasado.eu\/wp-content\/uploads\/2026\/07\/ojo-de-balor.png 1402w\" sizes=\"auto, (max-width: 768px) 100vw, 768px\" \/><\/a><\/figure><\/div>\n\n\n\n<h2 class=\"wp-block-heading\">The Enemies of Parthol\u00f3n<\/h2>\n\n\n\n<p class=\"wp-block-paragraph\">When <a href=\"https:\/\/huellasdelpasado.eu\/en\/partholon-irlanda-mitica\/\">Parthol\u00f3n<\/a> and his people arrived in Ireland, the Fomorians were already part of the island's mythical landscape.<\/p>\n\n\n\n<p class=\"wp-block-paragraph\">The legends tell that the two peoples eventually faced each other in battle.<\/p>\n\n\n\n<p class=\"wp-block-paragraph\">Parthol\u00f3n emerged victorious, but that conflict marked the beginning of a long rivalry that would reappear time and again in later generations.<\/p>\n\n\n\n<h2 class=\"wp-block-heading\">The Domination of the Nemedians<\/h2>\n\n\n\n<p class=\"wp-block-paragraph\">Centuries later, they arrived <a href=\"https:\/\/huellasdelpasado.eu\/en\/nemed-y-los-nemedianos\/\">Nemed's people<\/a> and his followers. With them, the Fomorians once again played a central role.<\/p>\n\n\n\n<p class=\"wp-block-paragraph\">The sources tell that they imposed extremely harsh tributes upon the Nemedians.<\/p>\n\n\n\n<p class=\"wp-block-paragraph\">Some versions claim that they demanded two-thirds of their children, their crops, and their cattle. That oppression eventually provoked a great rebellion and one of the most important wars in Irish mythical tradition.<\/p>\n\n\n\n<h2 class=\"wp-block-heading\">More Than Simple Villains<\/h2>\n\n\n\n<p class=\"wp-block-paragraph\">Although they often appear as antagonists, the Fomorians are far more complex than the villains of a story.<\/p>\n\n\n\n<p class=\"wp-block-paragraph\">Some legends reveal alliances and family ties between them and the Tuatha D\u00e9 Danann.<\/p>\n\n\n\n<p class=\"wp-block-paragraph\">This reflects an idea frequently found in Irish mythology: the world is not divided between absolute good and absolute evil.<\/p>\n\n\n\n<p class=\"wp-block-paragraph\">Opposing forces are connected to one another and form part of the same reality.<\/p>\n\n\n\n<h2 class=\"wp-block-heading\">Connections with Other Mythologies<\/h2>\n\n\n\n<p class=\"wp-block-paragraph\">The story of Balor belongs to a type of tale that appears in many cultures and reflects an idea repeated throughout mythology: the more you try to escape fate, the more you contribute to its fulfilment.&nbsp;<\/p>\n\n\n\n<p class=\"wp-block-paragraph\">Among the best-known examples are:<\/p>\n\n\n\n<ul class=\"wp-block-list\">\n<li>Cronus attempts to prevent his children from overthrowing him in Greek mythology.<\/li>\n\n\n\n<li>Acrisius imprisons Dana\u00eb to prevent the birth of Perseus in Greek mythology.<\/li>\n\n\n\n<li>Herod orders the Massacre of the Innocents in an attempt to eliminate Jesus in Christian tradition.<\/li>\n\n\n\n<li>Kansa attempts to prevent Krishna from killing him in Hindu mythology.&nbsp;<\/li>\n\n\n\n<li>The gods of <a href=\"https:\/\/huellasdelpasado.eu\/en\/asgard-el-reino-de-los-aesir\/\">Asgard<\/a> take measures to prevent Loki's children from bringing about <a href=\"https:\/\/huellasdelpasado.eu\/en\/ragnarok-mitologia-nordica\/\">Ragnar\u00f6k<\/a> in <a href=\"https:\/\/huellasdelpasado.eu\/en\/mitologia-nordica\/\">Norse mythology<\/a>.&nbsp;<\/li>\n<\/ul>\n\n\n\n<p class=\"wp-block-paragraph\">None of them manages to escape the prophecy.<\/p>\n\n\n\n<h2 class=\"wp-block-heading\">The Legacy of the Fomorians<\/h2>\n\n\n\n<p class=\"wp-block-paragraph\">The Fomorians appear time and again throughout the Irish Mythological Cycle.&nbsp;<\/p>\n\n\n\n<p class=\"wp-block-paragraph\">They are the shadow that accompanies the successive invasions. The threat that returns whenever stability seems to have been achieved. And the force against which heroes, kings, and entire peoples must measure themselves.<\/p>\n\n\n\n<p class=\"wp-block-paragraph\">The story of Balor and Lugh will culminate during the Second Battle of Mag Tuired, where the prophecy will ultimately be fulfilled exactly as foretold.<\/p>\n\n\n\n<p class=\"wp-block-paragraph\">For this reason, more than a specific people, the Fomorians represent a constant presence within the mythical history of Ireland.<\/p>\n\n\n\n<p class=\"wp-block-paragraph\">Because when Parthol\u00f3n, Nemed, or the Tuatha D\u00e9 Danann arrive in Ireland, they will already be there.<\/p>\n\n\n<style>.kb-image2891_fc5e12-d7 .kb-image-has-overlay:after{opacity:0.3;}<\/style>\n<div class=\"wp-block-kadence-image kb-image2891_fc5e12-d7\"><figure class=\"aligncenter size-medium_large\"><a href=\"https:\/\/huellasdelpasado.eu\/wp-content\/uploads\/2026\/07\/balor-y-los-distintos-pueblos-de-irlanda.png\" class=\"kb-advanced-image-link\" aria-label=\"balor-y-pueblos-miticos-de-irlanda\"><img loading=\"lazy\" decoding=\"async\" width=\"768\" height=\"615\" src=\"https:\/\/huellasdelpasado.eu\/wp-content\/uploads\/2026\/07\/balor-y-los-distintos-pueblos-de-irlanda-768x615.png\" alt=\"Balor, rey fomoriano contemplando las sucesivas generaciones de pueblos m\u00edticos de Irlanda.\" class=\"kb-img wp-image-2997\" srcset=\"https:\/\/huellasdelpasado.eu\/wp-content\/uploads\/2026\/07\/balor-y-los-distintos-pueblos-de-irlanda-768x615.png 768w, https:\/\/huellasdelpasado.eu\/wp-content\/uploads\/2026\/07\/balor-y-los-distintos-pueblos-de-irlanda-300x240.png 300w, https:\/\/huellasdelpasado.eu\/wp-content\/uploads\/2026\/07\/balor-y-los-distintos-pueblos-de-irlanda-1024x819.png 1024w, https:\/\/huellasdelpasado.eu\/wp-content\/uploads\/2026\/07\/balor-y-los-distintos-pueblos-de-irlanda-15x12.png 15w, https:\/\/huellasdelpasado.eu\/wp-content\/uploads\/2026\/07\/balor-y-los-distintos-pueblos-de-irlanda-1320x1056.png 1320w, https:\/\/huellasdelpasado.eu\/wp-content\/uploads\/2026\/07\/balor-y-los-distintos-pueblos-de-irlanda.png 1402w\" sizes=\"auto, (max-width: 768px) 100vw, 768px\" \/><\/a><\/figure><\/div>\n\n\n\n<h2 class=\"wp-block-heading\">Follow the Footprints<\/h2>\n\n\n\n<h3 class=\"wp-block-heading\">Visit It Today...<\/h3>\n\n\n\n<p class=\"wp-block-paragraph\">The<strong> <\/strong><a href=\"https:\/\/toryisland.ie\/index.php\" target=\"_blank\" rel=\"noopener\"><strong>Tory Island<\/strong><\/a> (Toraigh) lies off the coast of County Donegal, in northwestern Ireland. Today, it remains home to a small community and retains a deep connection with the ancient legends of the Irish Mythological Cycle.<\/p>\n\n\n\n<p class=\"wp-block-paragraph\"><strong>D\u00fan Bhaloir<\/strong> (Balor's Fort) stands at the eastern end of Tory Island, on a spectacular promontory surrounded by towering cliffs. Irish tradition identifies this place with the fortress of the Fomorian king Balor and connects it with some of the most famous episodes in Irish mythology, including the legends of Conand's Tower and the birth of the hero Lugh.<\/p>\n\n\n\n<p class=\"wp-block-paragraph\">The <strong>Conand's Tower<\/strong>, according to Irish tradition, was located on Tory Island, where medieval texts place the fortress of the Fomorians. Although its exact location remains unknown, the island continues to serve as the traditional setting of this important legend, associated with the spectacular promontory of D\u00fan Bhaloir and with Tor M\u00f3r, the highest point on the island.<\/p>\n\n\n\n<p class=\"wp-block-paragraph\"><\/p>","protected":false},"excerpt":{"rendered":"<p>Antes de los Tuatha D\u00e9 Danann. Antes de los Fir Bolg. Antes incluso de que muchos de los pueblos m\u00edticos [&hellip;]<\/p>\n","protected":false},"author":1,"featured_media":2989,"comment_status":"closed","ping_status":"closed","sticky":false,"template":"","format":"standard","meta":{"site-sidebar-layout":"default","site-content-layout":"","ast-site-content-layout":"default","site-content-style":"default","site-sidebar-style":"default","ast-global-header-display":"","ast-banner-title-visibility":"","ast-main-header-display":"","ast-hfb-above-header-display":"","ast-hfb-below-header-display":"","ast-hfb-mobile-header-display":"","site-post-title":"","ast-breadcrumbs-content":"","ast-featured-img":"","footer-sml-layout":"","ast-disable-related-posts":"","theme-transparent-header-meta":"","adv-header-id-meta":"","stick-header-meta":"","header-above-stick-meta":"","header-main-stick-meta":"","header-below-stick-meta":"","astra-migrate-meta-layouts":"default","ast-page-background-enabled":"default","ast-page-background-meta":{"desktop":{"background-color":"var(--ast-global-color-5)","background-image":"","background-repeat":"repeat","background-position":"center center","background-size":"auto","background-attachment":"scroll","background-type":"","background-media":"","overlay-type":"","overlay-color":"","overlay-opacity":"","overlay-gradient":""},"tablet":{"background-color":"","background-image":"","background-repeat":"repeat","background-position":"center center","background-size":"auto","background-attachment":"scroll","background-type":"","background-media":"","overlay-type":"","overlay-color":"","overlay-opacity":"","overlay-gradient":""},"mobile":{"background-color":"","background-image":"","background-repeat":"repeat","background-position":"center center","background-size":"auto","background-attachment":"scroll","background-type":"","background-media":"","overlay-type":"","overlay-color":"","overlay-opacity":"","overlay-gradient":""}},"ast-content-background-meta":{"desktop":{"background-color":"var(--ast-global-color-4)","background-image":"","background-repeat":"repeat","background-position":"center center","background-size":"auto","background-attachment":"scroll","background-type":"","background-media":"","overlay-type":"","overlay-color":"","overlay-opacity":"","overlay-gradient":""},"tablet":{"background-color":"var(--ast-global-color-4)","background-image":"","background-repeat":"repeat","background-position":"center center","background-size":"auto","background-attachment":"scroll","background-type":"","background-media":"","overlay-type":"","overlay-color":"","overlay-opacity":"","overlay-gradient":""},"mobile":{"background-color":"var(--ast-global-color-4)","background-image":"","background-repeat":"repeat","background-position":"center center","background-size":"auto","background-attachment":"scroll","background-type":"","background-media":"","overlay-type":"","overlay-color":"","overlay-opacity":"","overlay-gradient":""}},"footnotes":""},"categories":[43],"tags":[801,804,707,300,336,303,697,802,194,304,803,290],"class_list":["post-2891","post","type-post","status-publish","format-standard","has-post-thumbnail","hentry","category-celta","tag-balor","tag-cian","tag-folclore-celta","tag-fomorianos","tag-irlanda-antigua","tag-lebor-gabala-erenn","tag-libro-de-las-invasiones-de-irlanda","tag-lugh","tag-mitologia-celta","tag-mitologia-irlandesa","tag-segunda-batlla-de-mag-turied","tag-tuatha-de-danann"],"_links":{"self":[{"href":"https:\/\/huellasdelpasado.eu\/en\/wp-json\/wp\/v2\/posts\/2891","targetHints":{"allow":["GET"]}}],"collection":[{"href":"https:\/\/huellasdelpasado.eu\/en\/wp-json\/wp\/v2\/posts"}],"about":[{"href":"https:\/\/huellasdelpasado.eu\/en\/wp-json\/wp\/v2\/types\/post"}],"author":[{"embeddable":true,"href":"https:\/\/huellasdelpasado.eu\/en\/wp-json\/wp\/v2\/users\/1"}],"replies":[{"embeddable":true,"href":"https:\/\/huellasdelpasado.eu\/en\/wp-json\/wp\/v2\/comments?post=2891"}],"version-history":[{"count":18,"href":"https:\/\/huellasdelpasado.eu\/en\/wp-json\/wp\/v2\/posts\/2891\/revisions"}],"predecessor-version":[{"id":3524,"href":"https:\/\/huellasdelpasado.eu\/en\/wp-json\/wp\/v2\/posts\/2891\/revisions\/3524"}],"wp:featuredmedia":[{"embeddable":true,"href":"https:\/\/huellasdelpasado.eu\/en\/wp-json\/wp\/v2\/media\/2989"}],"wp:attachment":[{"href":"https:\/\/huellasdelpasado.eu\/en\/wp-json\/wp\/v2\/media?parent=2891"}],"wp:term":[{"taxonomy":"category","embeddable":true,"href":"https:\/\/huellasdelpasado.eu\/en\/wp-json\/wp\/v2\/categories?post=2891"},{"taxonomy":"post_tag","embeddable":true,"href":"https:\/\/huellasdelpasado.eu\/en\/wp-json\/wp\/v2\/tags?post=2891"}],"curies":[{"name":"wp","href":"https:\/\/api.w.org\/{rel}","templated":true}]}}