{"id":2777,"date":"2026-08-03T10:00:00","date_gmt":"2026-08-03T10:00:00","guid":{"rendered":"https:\/\/huellasdelpasado.eu\/?p=2777"},"modified":"2026-08-06T09:20:17","modified_gmt":"2026-08-06T09:20:17","slug":"agosto-antigua-roma","status":"publish","type":"post","link":"https:\/\/huellasdelpasado.eu\/en\/agosto-antigua-roma\/","title":{"rendered":"August in Ancient Rome: The Month of Augustus, the Harvest, and the Sacred Fire"},"content":{"rendered":"<style>.kb-image2777_442878-10 .kb-image-has-overlay:after{opacity:0.3;}<\/style>\n<figure class=\"wp-block-kadence-image kb-image2777_442878-10 alignfull size-full\"><img loading=\"lazy\" decoding=\"async\" width=\"1862\" height=\"845\" src=\"https:\/\/huellasdelpasado.eu\/wp-content\/uploads\/2026\/06\/agosto-antigua-roma.png\" alt=\"Agosto en la Antigua Roma era el tiempo de las cosechas, vi\u00f1edos, dioses y del primer emperador romano Augusto\" class=\"kb-img wp-image-2827\" srcset=\"https:\/\/huellasdelpasado.eu\/wp-content\/uploads\/2026\/06\/agosto-antigua-roma.png 1862w, https:\/\/huellasdelpasado.eu\/wp-content\/uploads\/2026\/06\/agosto-antigua-roma-300x136.png 300w, https:\/\/huellasdelpasado.eu\/wp-content\/uploads\/2026\/06\/agosto-antigua-roma-1024x465.png 1024w, https:\/\/huellasdelpasado.eu\/wp-content\/uploads\/2026\/06\/agosto-antigua-roma-768x349.png 768w, https:\/\/huellasdelpasado.eu\/wp-content\/uploads\/2026\/06\/agosto-antigua-roma-1536x697.png 1536w, https:\/\/huellasdelpasado.eu\/wp-content\/uploads\/2026\/06\/agosto-antigua-roma-18x8.png 18w, https:\/\/huellasdelpasado.eu\/wp-content\/uploads\/2026\/06\/agosto-antigua-roma-1320x599.png 1320w\" sizes=\"auto, (max-width: 1862px) 100vw, 1862px\" \/><\/figure>\n\n\n\n<p class=\"wp-block-paragraph\">Today we call it August, the eighth month of the year, but for the Romans it was much more than a simple name on the calendar.<\/p>\n\n\n\n<p class=\"wp-block-paragraph\">It was a time of intense heat, fields ready for harvest, religious festivals, and ceremonies intended to protect the city from one of its greatest enemies: fire.<\/p>\n\n\n\n<p class=\"wp-block-paragraph\">For a few days, Rome simply lived through the height of summer.<\/p>\n\n\n\n<p class=\"wp-block-paragraph\">Y, por supuesto, fue el mes que termin\u00f3 llevando el nombre del hombre que transform\u00f3 para siempre la historia de Roma: <strong>Augustus<\/strong>.<\/p>\n\n\n\n<h2 class=\"wp-block-heading\">The Deities of August<\/h2>\n\n\n\n<p class=\"wp-block-paragraph\">Unlike <a href=\"https:\/\/huellasdelpasado.eu\/en\/marzo-antigua-roma\/\">March<\/a>, which was named after the god Mars, August was not dedicated to a single deity.<\/p>\n\n\n\n<p class=\"wp-block-paragraph\">Throughout the month, festivals were held in honor of several gods, including:<\/p>\n\n\n\n<ul class=\"wp-block-list\">\n<li>Diana<\/li>\n\n\n\n<li>Jupiter<\/li>\n\n\n\n<li>Consus<\/li>\n\n\n\n<li>Vulcan<\/li>\n\n\n\n<li>Portunus<\/li>\n\n\n\n<li>Tiberinus<\/li>\n<\/ul>\n\n\n\n<p class=\"wp-block-paragraph\">If one deity stands out during this month, however, it is Diana, goddess of nature, hunting, and the forests.<\/p>\n\n\n<style>.kb-image2777_5afc99-b5 .kb-image-has-overlay:after{opacity:0.3;}<\/style>\n<div class=\"wp-block-kadence-image kb-image2777_5afc99-b5\"><figure class=\"aligncenter size-medium_large\"><a href=\"https:\/\/huellasdelpasado.eu\/wp-content\/uploads\/2026\/06\/agosto-diana-y-naturaleza.png\" class=\"kb-advanced-image-link\" aria-label=\"diana-y-naturaleza\"><img loading=\"lazy\" decoding=\"async\" width=\"768\" height=\"512\" src=\"https:\/\/huellasdelpasado.eu\/wp-content\/uploads\/2026\/06\/agosto-diana-y-naturaleza-768x512.png\" alt=\"Paisaje del lago Nemi con una representaci\u00f3n de la diosa Diana\" class=\"kb-img wp-image-2830\" srcset=\"https:\/\/huellasdelpasado.eu\/wp-content\/uploads\/2026\/06\/agosto-diana-y-naturaleza-768x512.png 768w, https:\/\/huellasdelpasado.eu\/wp-content\/uploads\/2026\/06\/agosto-diana-y-naturaleza-300x200.png 300w, https:\/\/huellasdelpasado.eu\/wp-content\/uploads\/2026\/06\/agosto-diana-y-naturaleza-1024x683.png 1024w, https:\/\/huellasdelpasado.eu\/wp-content\/uploads\/2026\/06\/agosto-diana-y-naturaleza-18x12.png 18w, https:\/\/huellasdelpasado.eu\/wp-content\/uploads\/2026\/06\/agosto-diana-y-naturaleza-1320x880.png 1320w, https:\/\/huellasdelpasado.eu\/wp-content\/uploads\/2026\/06\/agosto-diana-y-naturaleza.png 1536w\" sizes=\"auto, (max-width: 768px) 100vw, 768px\" \/><\/a><\/figure><\/div>\n\n\n\n<h2 class=\"wp-block-heading\">From Sextilis to Augustus<\/h2>\n\n\n\n<p class=\"wp-block-paragraph\">Originally, this month was called <strong>Sextilis<\/strong>, as it occupied the sixth position in the ancient Roman calendar, when the year began in March.<\/p>\n\n\n\n<p class=\"wp-block-paragraph\">In 8 BC, the Roman Senate decided to rename it <strong>Augustus<\/strong> in honor of Emperor Augustus.<\/p>\n\n\n\n<p class=\"wp-block-paragraph\">The choice was no coincidence. Several events considered especially fortunate for the first emperor and for the birth of the new imperial order had taken place during this month.<\/p>\n\n\n\n<p class=\"wp-block-paragraph\">Over the centuries, <em>Augustus<\/em> eventually became our modern August.<\/p>\n\n\n\n<p class=\"wp-block-paragraph\">Augustus was not the first Roman to receive such an honor. In 44 BC, following the death of <strong><a href=\"https:\/\/huellasdelpasado.eu\/en\/julio-cesar-roma\/\">Julius Caesar<\/a><\/strong>, Quintilis had already been renamed <strong>lulius<\/strong> (<a href=\"https:\/\/huellasdelpasado.eu\/en\/julio-en-la-antigua-roma\/\">July<\/a>) en su honor.<\/p>\n\n\n\n<h2 class=\"wp-block-heading\">The August Election<\/h2>\n\n\n\n<p class=\"wp-block-paragraph\">Unlike Julius Caesar, whose name was given to Quintilis after his death as a posthumous tribute, Augustus received this honor during his lifetime.<\/p>\n\n\n\n<p class=\"wp-block-paragraph\">According to ancient sources\u2014particularly Macrobius\u2014some of the most significant events of Augustus' career took place during this month:<\/p>\n\n\n\n<ul class=\"wp-block-list\">\n<li>his first consulship<\/li>\n\n\n\n<li>the incorporation of Egypt into Roman rule after the defeat of Mark Antony and Cleopatra<\/li>\n\n\n\n<li>the end of the civil wars that gave rise to the new imperial order<\/li>\n<\/ul>\n\n\n\n<p class=\"wp-block-paragraph\">Since Sextilis had proven especially fortunate for Augustus, the Senate chose to honor him by changing its name.<\/p>\n\n\n\n<p class=\"wp-block-paragraph\">More than a simple calendar reform, the decision symbolized the profound transformation of Rome and the immense prestige of the man who had become the founder of the Roman Empire.<\/p>\n\n\n\n<h2 class=\"wp-block-heading\">Harvest Time<\/h2>\n\n\n\n<p class=\"wp-block-paragraph\">August was a period of intense agricultural activity. The fields yielded their crops, cereals and other produce were gathered, and the abundance of summer was both a reason for hard work and for celebration.<\/p>\n\n\n\n<p class=\"wp-block-paragraph\">For much of the population, daily life still depended directly on the rhythms of nature and the changing seasons.<\/p>\n\n\n<style>.kb-image2777_d8c837-90 .kb-image-has-overlay:after{opacity:0.3;}<\/style>\n<div class=\"wp-block-kadence-image kb-image2777_d8c837-90\"><figure class=\"aligncenter size-medium_large\"><a href=\"https:\/\/huellasdelpasado.eu\/wp-content\/uploads\/2026\/06\/agosto-en-roma-cosechas.png\" class=\"kb-advanced-image-link\" aria-label=\"tiempo-de-cosechas\"><img loading=\"lazy\" decoding=\"async\" width=\"768\" height=\"512\" src=\"https:\/\/huellasdelpasado.eu\/wp-content\/uploads\/2026\/06\/agosto-en-roma-cosechas-768x512.png\" alt=\"Agosto en la Antigua Roma era el tiempo de las cosechas donde los campesinos trabajan en campos de trigo junto a bueyes y carros de carga\" class=\"kb-img wp-image-2832\" srcset=\"https:\/\/huellasdelpasado.eu\/wp-content\/uploads\/2026\/06\/agosto-en-roma-cosechas-768x512.png 768w, https:\/\/huellasdelpasado.eu\/wp-content\/uploads\/2026\/06\/agosto-en-roma-cosechas-300x200.png 300w, https:\/\/huellasdelpasado.eu\/wp-content\/uploads\/2026\/06\/agosto-en-roma-cosechas-1024x683.png 1024w, https:\/\/huellasdelpasado.eu\/wp-content\/uploads\/2026\/06\/agosto-en-roma-cosechas-18x12.png 18w, https:\/\/huellasdelpasado.eu\/wp-content\/uploads\/2026\/06\/agosto-en-roma-cosechas-1320x880.png 1320w, https:\/\/huellasdelpasado.eu\/wp-content\/uploads\/2026\/06\/agosto-en-roma-cosechas.png 1536w\" sizes=\"auto, (max-width: 768px) 100vw, 768px\" \/><\/a><\/figure><\/div>\n\n\n\n<h2 class=\"wp-block-heading\">Festivals of August<\/h2>\n\n\n\n<h3 class=\"wp-block-heading\">Tiberinalia (August 1)<\/h3>\n\n\n\n<p class=\"wp-block-paragraph\">A festival dedicated to the River Tiber, regarded as a protective deity of Rome.<\/p>\n\n\n\n<h3 class=\"wp-block-heading\">Nemoralia: The Festival of Diana (August 13)<\/h3>\n\n\n\n<p class=\"wp-block-paragraph\">On August 13, the <strong>Nemoralia<\/strong>honored Diana. The goddess of forests, hunting, the moon, and nature was especially worshipped at her sanctuary beside Lake Nemi.<\/p>\n\n\n\n<p class=\"wp-block-paragraph\">Ancient sources describe processions featuring:<\/p>\n\n\n\n<ul class=\"wp-block-list\">\n<li>torches<\/li>\n\n\n\n<li>flower crowns<\/li>\n\n\n\n<li>tree branches<\/li>\n\n\n\n<li>people walking around the lake<\/li>\n\n\n\n<li>dogs decorated for the occasion<\/li>\n<\/ul>\n\n\n\n<p class=\"wp-block-paragraph\">The celebration created a festive atmosphere in which even slaves were allowed to participate in certain ceremonies.<\/p>\n\n\n<style>.kb-image2777_51c8a7-54 .kb-image-has-overlay:after{opacity:0.3;}<\/style>\n<div class=\"wp-block-kadence-image kb-image2777_51c8a7-54\"><figure class=\"aligncenter size-medium_large\"><a href=\"https:\/\/huellasdelpasado.eu\/wp-content\/uploads\/2026\/06\/agosto-nemoralia.png\" class=\"kb-advanced-image-link\" aria-label=\"nemoralia\"><img loading=\"lazy\" decoding=\"async\" width=\"768\" height=\"512\" src=\"https:\/\/huellasdelpasado.eu\/wp-content\/uploads\/2026\/06\/agosto-nemoralia-768x512.png\" alt=\"Procesi\u00f3n nocturna junto al lago de Nemi con antorchas encendidas, coronas de flores y romanos recorriendo el bosque sagrado durante las Nemoralia\" class=\"kb-img wp-image-2838\" srcset=\"https:\/\/huellasdelpasado.eu\/wp-content\/uploads\/2026\/06\/agosto-nemoralia-768x512.png 768w, https:\/\/huellasdelpasado.eu\/wp-content\/uploads\/2026\/06\/agosto-nemoralia-300x200.png 300w, https:\/\/huellasdelpasado.eu\/wp-content\/uploads\/2026\/06\/agosto-nemoralia-1024x683.png 1024w, https:\/\/huellasdelpasado.eu\/wp-content\/uploads\/2026\/06\/agosto-nemoralia-18x12.png 18w, https:\/\/huellasdelpasado.eu\/wp-content\/uploads\/2026\/06\/agosto-nemoralia-1320x880.png 1320w, https:\/\/huellasdelpasado.eu\/wp-content\/uploads\/2026\/06\/agosto-nemoralia.png 1536w\" sizes=\"auto, (max-width: 768px) 100vw, 768px\" \/><\/a><\/figure><\/div>\n\n\n\n<p class=\"wp-block-paragraph\">It was a festival deeply connected with nature and divine protection.<\/p>\n\n\n\n<h3 class=\"wp-block-heading\">Feriae Augusti (August 15): Augustus' \"Summer Holiday\"<\/h3>\n\n\n\n<p class=\"wp-block-paragraph\">Established by Augustus in 18 BC, the Feriae Augusti marked a great period of rest following the agricultural season.<\/p>\n\n\n\n<ul class=\"wp-block-list\">\n<li><strong>Feriae<\/strong> means holidays or festival days.<\/li>\n\n\n\n<li><strong>Augusti<\/strong> means \"of Augustus.\"<\/li>\n<\/ul>\n\n\n\n<p class=\"wp-block-paragraph\">The name may therefore be translated as <strong>\"The Festivals of Augustus.\"<\/strong>.&nbsp;<\/p>\n\n\n\n<p class=\"wp-block-paragraph\">Farmers rested while celebrations were organized throughout the countryside.<\/p>\n\n\n\n<p class=\"wp-block-paragraph\">During this days:<\/p>\n\n\n\n<ul class=\"wp-block-list\">\n<li>horses and mules were given time to rest<\/li>\n\n\n\n<li>animals were decorated with flowers<\/li>\n\n\n\n<li>garlands were placed upon working animals<\/li>\n\n\n\n<li>agricultural work temporarily ceased<\/li>\n\n\n\n<li>feasts and gatherings were held<\/li>\n<\/ul>\n\n\n\n<p class=\"wp-block-paragraph\">Augustus united several older agricultural festivals into one great summer holiday.<\/p>\n\n\n<style>.kb-image2777_0da72e-47 .kb-image-has-overlay:after{opacity:0.3;}<\/style>\n<div class=\"wp-block-kadence-image kb-image2777_0da72e-47\"><figure class=\"aligncenter size-medium_large\"><a href=\"https:\/\/huellasdelpasado.eu\/wp-content\/uploads\/2026\/06\/agosto-feriae-augusti.png\" class=\"kb-advanced-image-link\" aria-label=\"feriae-augisti\"><img loading=\"lazy\" decoding=\"async\" width=\"768\" height=\"512\" src=\"https:\/\/huellasdelpasado.eu\/wp-content\/uploads\/2026\/06\/agosto-feriae-augusti-768x512.png\" alt=\"Las Feriae Augisti fue una festividad de descanso para los trabajos agr\u00edcolas instauradas por Augusto donde los animales eran adornados con flores y guirnardas\" class=\"kb-img wp-image-2836\" srcset=\"https:\/\/huellasdelpasado.eu\/wp-content\/uploads\/2026\/06\/agosto-feriae-augusti-768x512.png 768w, https:\/\/huellasdelpasado.eu\/wp-content\/uploads\/2026\/06\/agosto-feriae-augusti-300x200.png 300w, https:\/\/huellasdelpasado.eu\/wp-content\/uploads\/2026\/06\/agosto-feriae-augusti-1024x683.png 1024w, https:\/\/huellasdelpasado.eu\/wp-content\/uploads\/2026\/06\/agosto-feriae-augusti-18x12.png 18w, https:\/\/huellasdelpasado.eu\/wp-content\/uploads\/2026\/06\/agosto-feriae-augusti-1320x880.png 1320w, https:\/\/huellasdelpasado.eu\/wp-content\/uploads\/2026\/06\/agosto-feriae-augusti.png 1536w\" sizes=\"auto, (max-width: 768px) 100vw, 768px\" \/><\/a><\/figure><\/div>\n\n\n\n<h3 class=\"wp-block-heading\">Portunalia (August 17)<\/h3>\n\n\n\n<p class=\"wp-block-paragraph\">Dedicated to Portunus, the protector of ports, harbors, and gateways.<\/p>\n\n\n\n<h3 class=\"wp-block-heading\">Vinalia Rustica (August 19)<\/h3>\n\n\n\n<p class=\"wp-block-paragraph\">An agricultural festival associated with Jupiter.\nThe first grapes of the season were offered while prayers were made for a successful harvest.&nbsp;<\/p>\n\n\n\n<p class=\"wp-block-paragraph\">Offerings included:<\/p>\n\n\n\n<ul class=\"wp-block-list\">\n<li>the first grapes<\/li>\n\n\n\n<li>wine<\/li>\n\n\n\n<li>fruits<\/li>\n\n\n\n<li>sacrifices dedicated to Jupiter<\/li>\n<\/ul>\n\n\n<style>.kb-image2777_f3ff4c-1f .kb-image-has-overlay:after{opacity:0.3;}<\/style>\n<div class=\"wp-block-kadence-image kb-image2777_f3ff4c-1f\"><figure class=\"aligncenter size-medium_large\"><a href=\"https:\/\/huellasdelpasado.eu\/wp-content\/uploads\/2026\/06\/agosto-vinalia-rustica.png\" class=\"kb-advanced-image-link\" aria-label=\"vinalia-rustica\"><img loading=\"lazy\" decoding=\"async\" width=\"768\" height=\"512\" src=\"https:\/\/huellasdelpasado.eu\/wp-content\/uploads\/2026\/06\/agosto-vinalia-rustica-768x512.png\" alt=\"Las Vinalia Rustica era una festividad en la Antigua Roma donde se ofrec\u00edan las primeras uvas de la cosecha\" class=\"kb-img wp-image-2834\" srcset=\"https:\/\/huellasdelpasado.eu\/wp-content\/uploads\/2026\/06\/agosto-vinalia-rustica-768x512.png 768w, https:\/\/huellasdelpasado.eu\/wp-content\/uploads\/2026\/06\/agosto-vinalia-rustica-300x200.png 300w, https:\/\/huellasdelpasado.eu\/wp-content\/uploads\/2026\/06\/agosto-vinalia-rustica-1024x683.png 1024w, https:\/\/huellasdelpasado.eu\/wp-content\/uploads\/2026\/06\/agosto-vinalia-rustica-18x12.png 18w, https:\/\/huellasdelpasado.eu\/wp-content\/uploads\/2026\/06\/agosto-vinalia-rustica-1320x880.png 1320w, https:\/\/huellasdelpasado.eu\/wp-content\/uploads\/2026\/06\/agosto-vinalia-rustica.png 1536w\" sizes=\"auto, (max-width: 768px) 100vw, 768px\" \/><\/a><\/figure><\/div>\n\n\n\n<h3 class=\"wp-block-heading\">Consualia (August 21)<\/h3>\n\n\n\n<p class=\"wp-block-paragraph\">Dedicated to Consus, god of granaries and storage.&nbsp;<\/p>\n\n\n\n<p class=\"wp-block-paragraph\">During the festival, horses, oxen, and mules were decorated with flowers and allowed to rest.<\/p>\n\n\n\n<p class=\"wp-block-paragraph\">According to tradition, the celebration is connected with the famous <strong>Abduction of the Sabine Women.<\/strong>.<\/p>\n\n\n\n<p class=\"wp-block-paragraph\">When <a href=\"https:\/\/huellasdelpasado.eu\/en\/fundacion-de-roma\/\">Rome had only recently been founded<\/a>, the city lacked enough women. Romulus organized grand games and invited neighboring communities. During the festivities, the Romans abducted many Sabine women. Later, according to tradition, those same women placed themselves between the opposing armies to prevent war between their birth families and their new Roman husbands.<\/p>\n\n\n\n<h3 class=\"wp-block-heading\">Vulcanalia (August 23): Protecting Rome from Fire<\/h3>\n\n\n\n<p class=\"wp-block-paragraph\">On August 23, the Vulcanalia honored Vulcan, god of fire.<\/p>\n\n\n\n<p class=\"wp-block-paragraph\">During the intense heat of late summer, when any blaze could become catastrophic, the Romans performed sacrifices and rituals in an attempt to appease the god.<\/p>\n\n\n\n<p class=\"wp-block-paragraph\">Fire represented a constant danger for a city largely built of wood and crossed by narrow streets.<\/p>\n\n\n\n<p class=\"wp-block-paragraph\">The festival was not a celebration of fire.\nIt was an attempt to keep it under control.<\/p>\n\n\n\n<h3 class=\"wp-block-heading\">Mundus Patet (August 24): When the Underworld Opened<\/h3>\n\n\n\n<p class=\"wp-block-paragraph\">The <em>mundus <\/em>was a sacred underground pit which, according to Roman tradition, connected the world of the living with the Underworld. It was opened only on a few specific days each year. One of them was August 24.<\/p>\n\n\n\n<p class=\"wp-block-paragraph\">The Romans used the expression <strong>Mundus Patet<\/strong><em> <\/em>, meaning <strong>\"The Underworld is open.\"<\/strong><\/p>\n\n\n\n<p class=\"wp-block-paragraph\">It was believed that during these days the spirits of the dead could approach the world of the living. For this reason, the date was considered unfavorable for certain public affairs.<\/p>\n\n\n\n<h3 class=\"wp-block-heading\">Volturnalia (August 27)<\/h3>\n\n\n\n<p class=\"wp-block-paragraph\">Dedicated to Volturnus, a deity associated with flowing waters.<\/p>\n\n\n\n<h3 class=\"wp-block-heading\">The Ludi Saeculares<\/h3>\n\n\n\n<p class=\"wp-block-paragraph\">In 17 BC, Augustus celebrated the <strong>Ludi Saeculares<\/strong>, a grand religious ceremony proclaiming the beginning of a new age for Rome.<\/p>\n\n\n\n<p class=\"wp-block-paragraph\">The celebrations included:<\/p>\n\n\n\n<ul class=\"wp-block-list\">\n<li>chariot races<\/li>\n\n\n\n<li>theatrical performances<\/li>\n\n\n\n<li>music<\/li>\n\n\n\n<li>equestrian competitions<\/li>\n\n\n\n<li>religious ceremonies<\/li>\n\n\n\n<li>sacrifices<\/li>\n\n\n\n<li>processions<\/li>\n<\/ul>\n\n\n<style>.kb-image2777_634050-d2 .kb-image-has-overlay:after{opacity:0.3;}<\/style>\n<div class=\"wp-block-kadence-image kb-image2777_634050-d2\"><figure class=\"aligncenter size-medium_large\"><a href=\"https:\/\/huellasdelpasado.eu\/wp-content\/uploads\/2026\/06\/agosto-ludi-saeculares.png\" class=\"kb-advanced-image-link\" aria-label=\"ludi-saeculares\"><img loading=\"lazy\" decoding=\"async\" width=\"768\" height=\"512\" src=\"https:\/\/huellasdelpasado.eu\/wp-content\/uploads\/2026\/06\/agosto-ludi-saeculares-768x512.png\" alt=\"Gran celebraci\u00f3n p\u00fablica romana con carreras de carros, m\u00fasicos, espectadores y edificios monumentales en las Ludi Saeculares\" class=\"kb-img wp-image-2840\" srcset=\"https:\/\/huellasdelpasado.eu\/wp-content\/uploads\/2026\/06\/agosto-ludi-saeculares-768x512.png 768w, https:\/\/huellasdelpasado.eu\/wp-content\/uploads\/2026\/06\/agosto-ludi-saeculares-300x200.png 300w, https:\/\/huellasdelpasado.eu\/wp-content\/uploads\/2026\/06\/agosto-ludi-saeculares-1024x683.png 1024w, https:\/\/huellasdelpasado.eu\/wp-content\/uploads\/2026\/06\/agosto-ludi-saeculares-18x12.png 18w, https:\/\/huellasdelpasado.eu\/wp-content\/uploads\/2026\/06\/agosto-ludi-saeculares-1320x880.png 1320w, https:\/\/huellasdelpasado.eu\/wp-content\/uploads\/2026\/06\/agosto-ludi-saeculares.png 1536w\" sizes=\"auto, (max-width: 768px) 100vw, 768px\" \/><\/a><\/figure><\/div>\n\n\n\n<p class=\"wp-block-paragraph\">At Augustus' request, the poet Quintus Horatius Flaccus (Horace) composed the famous <strong>Carmen Saeculare <\/strong>(Secular Hymn).<\/p>\n\n\n\n<h2 class=\"wp-block-heading\">The Month of the First Emperor and Rome's Time of Rest<\/h2>\n\n\n\n<p class=\"wp-block-paragraph\">Although Julius Caesar reformed the calendar by introducing the Julian calendar, it was his heir Augustus who ultimately gave this month its name.<\/p>\n\n\n\n<p class=\"wp-block-paragraph\">Julius Caesar changed time by reforming the calendar. Augustus ensured that time itself would bear his name.<\/p>\n\n\n\n<p class=\"wp-block-paragraph\">His reign marked Rome's definitive transition from Republic to Empire, leaving such a profound legacy that millions of people still pronounce his name every year when August arrives.<\/p>\n\n\n\n<p class=\"wp-block-paragraph\">More than two thousand years later, the legacy of Rome remains hidden even in something as ordinary as looking at a calendar.<\/p>\n\n\n\n<p class=\"wp-block-paragraph\">August was the moment when Rome slowed its pace. The fields had yielded their harvest. The vineyards began producing their first grapes.\nWorking animals rested, crowned with flowers. Farmers celebrated the end of the most demanding weeks of summer.<\/p>\n\n\n\n<p class=\"wp-block-paragraph\">And amid festivals dedicated to Diana, Consus, Vulcan, and Jupiter, the city seemed to breathe for a few peaceful days before continuing its yearly cycle.<\/p>\n\n\n<style>.kb-image2777_c7eaec-c8 .kb-image-has-overlay:after{opacity:0.3;}<\/style>\n<div class=\"wp-block-kadence-image kb-image2777_c7eaec-c8\"><figure class=\"aligncenter size-medium_large\"><a href=\"https:\/\/huellasdelpasado.eu\/wp-content\/uploads\/2026\/06\/antigua-roma-agosto.png\" class=\"kb-advanced-image-link\" aria-label=\"roma-en-agosto\"><img loading=\"lazy\" decoding=\"async\" width=\"768\" height=\"512\" src=\"https:\/\/huellasdelpasado.eu\/wp-content\/uploads\/2026\/06\/antigua-roma-agosto-768x512.png\" alt=\"Roma y sus campos al final del verano, con vi\u00f1edos y cosechas recogidas, animales adornados con guirlandas y templos ba\u00f1ados por la luz dorada del atardecer en agosto.\" class=\"kb-img wp-image-2844\" srcset=\"https:\/\/huellasdelpasado.eu\/wp-content\/uploads\/2026\/06\/antigua-roma-agosto-768x512.png 768w, https:\/\/huellasdelpasado.eu\/wp-content\/uploads\/2026\/06\/antigua-roma-agosto-300x200.png 300w, https:\/\/huellasdelpasado.eu\/wp-content\/uploads\/2026\/06\/antigua-roma-agosto-1024x683.png 1024w, https:\/\/huellasdelpasado.eu\/wp-content\/uploads\/2026\/06\/antigua-roma-agosto-18x12.png 18w, https:\/\/huellasdelpasado.eu\/wp-content\/uploads\/2026\/06\/antigua-roma-agosto-1320x880.png 1320w, https:\/\/huellasdelpasado.eu\/wp-content\/uploads\/2026\/06\/antigua-roma-agosto.png 1536w\" sizes=\"auto, (max-width: 768px) 100vw, 768px\" \/><\/a><\/figure><\/div>\n\n\n\n<h2 class=\"wp-block-heading\">Curiosities<\/h2>\n\n\n\n<h3 class=\"wp-block-heading\">Myth vs. Reality: Did Augustus Add a Day to August?<\/h3>\n\n\n\n<p class=\"wp-block-paragraph\">A popular belief claims that Augustus added an extra day to August so that it would have the same number of days as July, the month dedicated to Julius Caesar.<\/p>\n\n\n\n<p class=\"wp-block-paragraph\">According to this story, August supposedly increased from thirty to thirty-one days.<\/p>\n\n\n\n<p class=\"wp-block-paragraph\">Modern historians, however, consider this to be a later legend. The lengths of the months had already been established through Julius Caesar's Julian calendar reform.<\/p>\n\n\n\n<h3 class=\"wp-block-heading\">The Month That Witnessed Augustus' Death<\/h3>\n\n\n\n<p class=\"wp-block-paragraph\">Curiously, the month that received Augustus' name was also the month in which he died.<\/p>\n\n\n\n<p class=\"wp-block-paragraph\">Emperor Augustus died on August 19, AD 14, at Nola. Following his death, his body was carried to Rome in a solemn procession before being cremated in the Campus Martius.<\/p>\n\n\n\n<h2 class=\"wp-block-heading\">Follow the Footprints<\/h2>\n\n\n\n<h3 class=\"wp-block-heading\">Its Legacy Lives On...<\/h3>\n\n\n\n<p class=\"wp-block-paragraph\"><strong>Ferragosto<\/strong> is the direct descendant of the ancient <strong><a href=\"https:\/\/ferragosto.com\/\" target=\"_blank\" rel=\"noopener\">Feriae Augusti<\/a><\/strong>.&nbsp;<\/p>\n\n\n\n<p class=\"wp-block-paragraph\">The word Ferragosto derives from the Latin <em>Feriae Augusti<\/em> and is celebrated every August 15, remaining one of Italy's most important holidays.<\/p>\n\n\n\n<p class=\"wp-block-paragraph\">Today it is celebrated with:<\/p>\n\n\n\n<ul class=\"wp-block-list\">\n<li>family gatherings (one traditional dish is chicken with peppers, especially popular in Rome)<\/li>\n\n\n\n<li>trips to the beach or mountains<\/li>\n\n\n\n<li>outdoor meals<\/li>\n\n\n\n<li>holidays and travel<\/li>\n\n\n\n<li>local festivals<\/li>\n\n\n\n<li>concerts and community events<\/li>\n<\/ul>\n\n\n\n<p class=\"wp-block-paragraph\">In central Rome, the<strong> Gran Ballo di Ferragosto<\/strong> is one of the city's most popular modern street celebrations, featuring music, traditional dancing, performances, and cultural activities.<\/p>\n\n\n\n<p class=\"wp-block-paragraph\">Although customs have changed over the centuries, Ferragosto remains one of Italy's great summer celebrations.<\/p>\n\n\n\n<p class=\"wp-block-paragraph\">August 15 also coincides with one of Christianity's major feasts: <strong>The Assumption of the Virgin Mary.<\/strong> This celebration began in the Christian East between the fifth and sixth centuries AD and eventually became firmly established on August 15.<\/p>\n\n\n\n<p class=\"wp-block-paragraph\">There is no definitive evidence that the Christian feast derives directly from the ancient Feriae Augusti or the Nemoralia dedicated to Diana.\nHowever, some historians have pointed to symbolic continuities and the coincidence of dates between the two celebrations.<\/p>\n\n\n\n<p class=\"wp-block-paragraph\">Today, in many parts of Europe, Christian tradition and the cultural heritage of ancient Rome continue to coexist.<\/p>\n\n\n\n<p class=\"wp-block-paragraph\">More than two thousand years later, millions of Italians still celebrate Ferragosto. Empires have disappeared. Cities have changed. The world has transformed. Yet every August 15, through family gatherings, shared meals, and days of rest, the echo of Augustus' ancient Feriae Augusti still survives.&nbsp;<\/p>\n\n\n\n<p class=\"wp-block-paragraph\">Perhaps without realizing it, we continue to celebrate a small legacy of Ancient Rome.<\/p>\n\n\n<style>.kb-image2777_c05db6-bf .kb-image-has-overlay:after{opacity:0.3;}<\/style>\n<div class=\"wp-block-kadence-image kb-image2777_c05db6-bf\"><figure class=\"aligncenter size-medium_large\"><a href=\"https:\/\/huellasdelpasado.eu\/wp-content\/uploads\/2026\/06\/agosto-roma.png\" class=\"kb-advanced-image-link\" aria-label=\"agosto-abundancia-antigua-roma\"><img loading=\"lazy\" decoding=\"async\" width=\"768\" height=\"512\" src=\"https:\/\/huellasdelpasado.eu\/wp-content\/uploads\/2026\/06\/agosto-roma-768x512.png\" alt=\"Agosto era el mes de la abundancia en la Antigua Roma\" class=\"kb-img wp-image-2842\" srcset=\"https:\/\/huellasdelpasado.eu\/wp-content\/uploads\/2026\/06\/agosto-roma-768x512.png 768w, https:\/\/huellasdelpasado.eu\/wp-content\/uploads\/2026\/06\/agosto-roma-300x200.png 300w, https:\/\/huellasdelpasado.eu\/wp-content\/uploads\/2026\/06\/agosto-roma-1024x683.png 1024w, https:\/\/huellasdelpasado.eu\/wp-content\/uploads\/2026\/06\/agosto-roma-18x12.png 18w, https:\/\/huellasdelpasado.eu\/wp-content\/uploads\/2026\/06\/agosto-roma-1320x880.png 1320w, https:\/\/huellasdelpasado.eu\/wp-content\/uploads\/2026\/06\/agosto-roma.png 1536w\" sizes=\"auto, (max-width: 768px) 100vw, 768px\" \/><\/a><\/figure><\/div>\n\n\n\n<h3 class=\"wp-block-heading\">Visit It Today...<\/h3>\n\n\n\n<h4 class=\"wp-block-heading\">Temple of the Divine Augustus&nbsp;<\/h4>\n\n\n\n<p class=\"wp-block-paragraph\">The Temple of the Divine Augustus was one of the principal monuments dedicated to Rome's first emperor.<\/p>\n\n\n\n<p class=\"wp-block-paragraph\">Its remains can still be seen within the Roman Forum, where visitors may contemplate the surviving vestiges of the place that honored Augustus' memory for centuries.<\/p>\n\n\n\n<pre class=\"wp-block-preformatted\"><strong>SECULAR HYMN<\/strong><br>Chorus of Young Men and Maidens:<br>O Phoebus, and you, Diana, mighty in the forests, radiant lights of heaven, forever worshipped and forever worthy of worship, hear our prayers on these days made sacred by the verses of the Sibyl. May the chosen maidens and the chaste young men raise their voices in praise of the guardian gods of the Seven Hills.<br><br>Chorus of the People and the Young Men:<br>Radiant Sun, who in your fiery chariot bring forth and withdraw the day, ever renewed yet ever the same, may you never shine upon a city greater than Rome.<br><br>Chorus of Maidens:<br>Gentle Ilithyia, guardian of happy childbirth, protect all mothers. Whether you wish to be called Lucina or Genitalis, favor their fertility, O goddess, and grant prosperity to the decrees of the Senate concerning marriage and the sacred laws established to increase our people. Thus, when another one hundred and ten years have passed, these songs shall once again resound, and these games shall again be celebrated three times beneath the radiant sun and three times beneath the joyful night.<br><br>Chorus of the People:<br>And you, O Fates, ever truthful in proclaiming what destiny has decreed, whose order preserves the harmony of Nature, add new blessings to those already granted. May the earth, rich in grain and abundant in flocks, crown Ceres with ears of wheat, while crystal waters and the gentle breezes of Jupiter nourish her life-giving harvests.<br><br>Young Men:<br>Lay aside your unerring arrows, Apollo, and graciously hear the prayers of your youthful supplicants.<br><br>Maidens:<br>O Moon, growing Queen of the stars, hear the prayers of your maidens.<br><br>General Chorus:<br>If Rome is your creation; if, obedient to your command, the people of Ilium abandoned their household gods and their city and set out on a fortunate journey toward the shores of Etruria; if pious Aeneas, surviving the destruction of his homeland and faithful to his promises, opened for them a free path through the burning ruins of Troy, granting them greater blessings than those they left behind\u2014then, O gods, grant pure virtues to our obedient youth, peaceful rest to our elders, and to the people of Romulus enduring descendants, prosperity, and glorious renown.\nMay the illustrious descendant of Anchises and Venus, who now offers you white bulls in sacrifice, rule victorious over every warlike enemy, yet show mercy to those who bow before him in defeat.\nAlready the Medes acknowledge his power over land and sea alike, trembling before the Roman axes; already the Scythians and the Indians, once so proud, await his sovereign commands.\nNow Honor, Good Faith, Peace, ancient Modesty, and long-forgotten Virtue dare to return once more. Blessed Abundance appears again, her horn overflowing with its fruits.<br>Que el descendiente esclarecido de Anquises y Venus, que ahora os sacrifica los blancos toros, impere vencedor del enemigo belicoso, y clemente con el enemigo humillado \u00e1 sus plantas.<br>Ya el medo reconoce su poder, tan grande en la tierra como en el mar, y tiembla ante las segures de Alba; ya los escitas y los indos, antes tan soberbios, aguardan sus soberanos decretos.<br>Ya se atreven \u00e1 volver el honor, la buena fe, la paz, el antiguo pudor y la virtud tanto tiempo olvidada; ya aparece la feliz Abundancia con su cuerno henchido de frutos.<br><br>Chorus of Young Men:<br>May prophetic Apollo, adorned with his shining quiver and forever beloved by the Nine Muses, whose healing wisdom restores weakened bodies to health, if he looks with favor upon the Palatine, upon the greatness of Rome and the happy land of Latium, prolong our prosperity for another century with ever happier days.<br><br>Chorus of Maidens:<br>May Diana, so greatly revered upon the Aventine and Mount Algidus, accept the prayers of the Fifteen Priests and graciously hear the vows of the young.<br><br>General Chorus:<br>We who have learned to sing together the praises of Phoebus and Diana return to our homes with the firm and comforting hope that Jupiter and all the gods have heard our prayers.<br><br><\/pre>\n\n\n\n<p class=\"wp-block-paragraph\"><\/p>","protected":false},"excerpt":{"rendered":"<p>Hoy llamamos agosto al octavo mes del a\u00f1o, pero para los romanos fue mucho m\u00e1s que un simple nombre del [&hellip;]<\/p>\n","protected":false},"author":1,"featured_media":2827,"comment_status":"closed","ping_status":"closed","sticky":false,"template":"","format":"standard","meta":{"site-sidebar-layout":"default","site-content-layout":"","ast-site-content-layout":"default","site-content-style":"default","site-sidebar-style":"default","ast-global-header-display":"","ast-banner-title-visibility":"","ast-main-header-display":"","ast-hfb-above-header-display":"","ast-hfb-below-header-display":"","ast-hfb-mobile-header-display":"","site-post-title":"","ast-breadcrumbs-content":"","ast-featured-img":"","footer-sml-layout":"","ast-disable-related-posts":"","theme-transparent-header-meta":"","adv-header-id-meta":"","stick-header-meta":"","header-above-stick-meta":"","header-main-stick-meta":"","header-below-stick-meta":"","astra-migrate-meta-layouts":"default","ast-page-background-enabled":"default","ast-page-background-meta":{"desktop":{"background-color":"var(--ast-global-color-5)","background-image":"","background-repeat":"repeat","background-position":"center center","background-size":"auto","background-attachment":"scroll","background-type":"","background-media":"","overlay-type":"","overlay-color":"","overlay-opacity":"","overlay-gradient":""},"tablet":{"background-color":"","background-image":"","background-repeat":"repeat","background-position":"center center","background-size":"auto","background-attachment":"scroll","background-type":"","background-media":"","overlay-type":"","overlay-color":"","overlay-opacity":"","overlay-gradient":""},"mobile":{"background-color":"","background-image":"","background-repeat":"repeat","background-position":"center center","background-size":"auto","background-attachment":"scroll","background-type":"","background-media":"","overlay-type":"","overlay-color":"","overlay-opacity":"","overlay-gradient":""}},"ast-content-background-meta":{"desktop":{"background-color":"var(--ast-global-color-4)","background-image":"","background-repeat":"repeat","background-position":"center center","background-size":"auto","background-attachment":"scroll","background-type":"","background-media":"","overlay-type":"","overlay-color":"","overlay-opacity":"","overlay-gradient":""},"tablet":{"background-color":"var(--ast-global-color-4)","background-image":"","background-repeat":"repeat","background-position":"center center","background-size":"auto","background-attachment":"scroll","background-type":"","background-media":"","overlay-type":"","overlay-color":"","overlay-opacity":"","overlay-gradient":""},"mobile":{"background-color":"var(--ast-global-color-4)","background-image":"","background-repeat":"repeat","background-position":"center center","background-size":"auto","background-attachment":"scroll","background-type":"","background-media":"","overlay-type":"","overlay-color":"","overlay-opacity":"","overlay-gradient":""}},"footnotes":""},"categories":[10,5],"tags":[120,739,743,744,737,738,126,740,745,747,241,748,746,742],"class_list":["post-2777","post","type-post","status-publish","format-standard","has-post-thumbnail","hentry","category-roma","category-antiguas-civilizaciones","tag-antigua-roma","tag-augusto-emperador-romano","tag-augusto-y-el-mes-de-agosto","tag-diana","tag-feriae-augusti","tag-ferragosto","tag-festividades-romanas","tag-fiestas-romanas-agosto","tag-la-asuncion","tag-ludi-saeculares","tag-mitologia-romana","tag-mundus-patet","tag-templo-del-divino-augusto","tag-vulcania"],"_links":{"self":[{"href":"https:\/\/huellasdelpasado.eu\/en\/wp-json\/wp\/v2\/posts\/2777","targetHints":{"allow":["GET"]}}],"collection":[{"href":"https:\/\/huellasdelpasado.eu\/en\/wp-json\/wp\/v2\/posts"}],"about":[{"href":"https:\/\/huellasdelpasado.eu\/en\/wp-json\/wp\/v2\/types\/post"}],"author":[{"embeddable":true,"href":"https:\/\/huellasdelpasado.eu\/en\/wp-json\/wp\/v2\/users\/1"}],"replies":[{"embeddable":true,"href":"https:\/\/huellasdelpasado.eu\/en\/wp-json\/wp\/v2\/comments?post=2777"}],"version-history":[{"count":23,"href":"https:\/\/huellasdelpasado.eu\/en\/wp-json\/wp\/v2\/posts\/2777\/revisions"}],"predecessor-version":[{"id":3361,"href":"https:\/\/huellasdelpasado.eu\/en\/wp-json\/wp\/v2\/posts\/2777\/revisions\/3361"}],"wp:featuredmedia":[{"embeddable":true,"href":"https:\/\/huellasdelpasado.eu\/en\/wp-json\/wp\/v2\/media\/2827"}],"wp:attachment":[{"href":"https:\/\/huellasdelpasado.eu\/en\/wp-json\/wp\/v2\/media?parent=2777"}],"wp:term":[{"taxonomy":"category","embeddable":true,"href":"https:\/\/huellasdelpasado.eu\/en\/wp-json\/wp\/v2\/categories?post=2777"},{"taxonomy":"post_tag","embeddable":true,"href":"https:\/\/huellasdelpasado.eu\/en\/wp-json\/wp\/v2\/tags?post=2777"}],"curies":[{"name":"wp","href":"https:\/\/api.w.org\/{rel}","templated":true}]}}