{"id":2450,"date":"2026-07-30T10:00:00","date_gmt":"2026-07-30T10:00:00","guid":{"rendered":"https:\/\/huellasdelpasado.eu\/?p=2450"},"modified":"2026-09-03T13:50:52","modified_gmt":"2026-09-03T13:50:52","slug":"lebor-gabala-eireann-libro-invasiones-irlanda","status":"publish","type":"post","link":"https:\/\/huellasdelpasado.eu\/en\/lebor-gabala-eireann-libro-invasiones-irlanda\/","title":{"rendered":"Lebor Gab\u00e1la \u00c9renn: The Book of the Invasions of Ireland"},"content":{"rendered":"<style>.kb-image2450_2070b0-fb .kb-image-has-overlay:after{opacity:0.3;}<\/style>\n<figure class=\"wp-block-kadence-image kb-image2450_2070b0-fb alignfull size-full\"><img loading=\"lazy\" decoding=\"async\" width=\"1536\" height=\"1024\" src=\"https:\/\/huellasdelpasado.eu\/wp-content\/uploads\/2026\/06\/manuscrito-medieval-historia-leyenda-irlanda.png\" alt=\"Ilustraci\u00f3n del manuscrito medieval Lebor Gab\u00e1la \u00c9renn del que surgen las leyendas, mitos e historia de la tradici\u00f3n irlandesa\" class=\"kb-img wp-image-2521\" srcset=\"https:\/\/huellasdelpasado.eu\/wp-content\/uploads\/2026\/06\/manuscrito-medieval-historia-leyenda-irlanda.png 1536w, https:\/\/huellasdelpasado.eu\/wp-content\/uploads\/2026\/06\/manuscrito-medieval-historia-leyenda-irlanda-300x200.png 300w, https:\/\/huellasdelpasado.eu\/wp-content\/uploads\/2026\/06\/manuscrito-medieval-historia-leyenda-irlanda-1024x683.png 1024w, https:\/\/huellasdelpasado.eu\/wp-content\/uploads\/2026\/06\/manuscrito-medieval-historia-leyenda-irlanda-768x512.png 768w, https:\/\/huellasdelpasado.eu\/wp-content\/uploads\/2026\/06\/manuscrito-medieval-historia-leyenda-irlanda-18x12.png 18w\" sizes=\"auto, (max-width: 1536px) 100vw, 1536px\" \/><\/figure>\n\n\n\n<p class=\"wp-block-paragraph\">When we talk about the Tuatha D\u00e9 Danann, the <a href=\"https:\/\/huellasdelpasado.eu\/en\/fomorianos-mitologia-irlandesa\/\">Fomorians<\/a>, the Milesians or the ancient <a href=\"https:\/\/huellasdelpasado.eu\/en\/invasiones-miticas-de-irlanda\/\">mythical invasions of Ireland<\/a>, much of what we know comes from a medieval work known as the <strong>Lebor Gab\u00e1la \u00c9renn<\/strong>, the <em>The Book of the Taking of Ireland<\/em>.<\/p>\n\n\n\n<p class=\"wp-block-paragraph\">It is one of the most important texts in the Irish tradition and one of the principal sources used to reconstruct Ireland's mythology and legendary history.<\/p>\n\n\n\n<p class=\"wp-block-paragraph\">However, the <em>Lebor Gab\u00e1la \u00c9renn<\/em> is not a historical chronicle in the modern sense of the term. Rather, it is a work in which history, legend, genealogy, religion, and mythology are deeply intertwined.<\/p>\n\n\n\n<h2 class=\"wp-block-heading\">The Meaning of Lebor Gab\u00e1la \u00c9renn<\/h2>\n\n\n\n<p class=\"wp-block-paragraph\">The name can be translated approximately as:<\/p>\n\n\n\n<ul class=\"wp-block-list\">\n<li><strong>Lebor<\/strong> = Book<\/li>\n\n\n\n<li><strong>Gab\u00e1la<\/strong> = Takings, Conquests, or Invasions<\/li>\n\n\n\n<li><strong>\u00c9renn<\/strong> Ireland<\/li>\n<\/ul>\n\n\n\n<p class=\"wp-block-paragraph\">For this reason, it is commonly known as <strong>The Book of the Taking of Ireland <\/strong>or <strong>The Book of the Conquests of Ireland.<\/strong><\/p>\n\n\n\n<p class=\"wp-block-paragraph\">The title perfectly reflects the work's central theme: a succession of peoples who arrive in Ireland and claim the island as their own.<\/p>\n\n\n\n<h2 class=\"wp-block-heading\">Who Wrote the Lebor Gab\u00e1la \u00c9renn?<\/h2>\n\n\n\n<p class=\"wp-block-paragraph\">The work was compiled by Irish monks and scholars during the Middle Ages, primarily between the 11th and 12th centuries, although it preserves traditions and material that had been passed down for generations and are considerably older.<\/p>\n\n\n\n<p class=\"wp-block-paragraph\">Its authors sought to integrate Ireland's ancient traditions into the Christian view of the world.\nAs a result, the text combines elements of <a href=\"https:\/\/huellasdelpasado.eu\/en\/mitologia-celta\/\">Celtic mythology<\/a> with biblical references, genealogies, and narratives inspired by sacred history.<\/p>\n\n\n<style>.kb-image2450_4bbc28-55 .kb-image-has-overlay:after{opacity:0.3;}<\/style>\n<div class=\"wp-block-kadence-image kb-image2450_4bbc28-55\"><figure class=\"aligncenter size-medium_large\"><a href=\"https:\/\/huellasdelpasado.eu\/wp-content\/uploads\/2026\/06\/escribas-con-lebor-gabala-erenn.png\" class=\"kb-advanced-image-link\" aria-label=\"libro-de-las-invasiones\"><img loading=\"lazy\" decoding=\"async\" width=\"768\" height=\"512\" src=\"https:\/\/huellasdelpasado.eu\/wp-content\/uploads\/2026\/06\/escribas-con-lebor-gabala-erenn-768x512.png\" alt=\"Escriba medieval trabajando sobre un manuscrito decorado del Libro de las Invasiones, Lebor Gab\u00e1la \u00c9renn\" class=\"kb-img wp-image-2523\" srcset=\"https:\/\/huellasdelpasado.eu\/wp-content\/uploads\/2026\/06\/escribas-con-lebor-gabala-erenn-768x512.png 768w, https:\/\/huellasdelpasado.eu\/wp-content\/uploads\/2026\/06\/escribas-con-lebor-gabala-erenn-300x200.png 300w, https:\/\/huellasdelpasado.eu\/wp-content\/uploads\/2026\/06\/escribas-con-lebor-gabala-erenn-1024x683.png 1024w, https:\/\/huellasdelpasado.eu\/wp-content\/uploads\/2026\/06\/escribas-con-lebor-gabala-erenn-18x12.png 18w, https:\/\/huellasdelpasado.eu\/wp-content\/uploads\/2026\/06\/escribas-con-lebor-gabala-erenn.png 1536w\" sizes=\"auto, (max-width: 768px) 100vw, 768px\" \/><\/a><\/figure><\/div>\n\n\n\n<p class=\"wp-block-paragraph\">The outcome is a unique account in which legendary heroes, ancient gods, and biblical figures all share the same historical framework.<\/p>\n\n\n\n<h2 class=\"wp-block-heading\">A Story of Successive Invasions<\/h2>\n\n\n\n<p class=\"wp-block-paragraph\">According to the <em>Lebor Gab\u00e1la \u00c9renn<\/em>, Ireland was settled by a succession of different peoples throughout the ages.<\/p>\n\n\n\n<p class=\"wp-block-paragraph\">Each arrival marks a new chapter in the island's mythical history.<\/p>\n\n\n\n<p class=\"wp-block-paragraph\">Among the best-known groups are:<\/p>\n\n\n\n<ul class=\"wp-block-list\">\n<li><a href=\"https:\/\/huellasdelpasado.eu\/en\/cessair-primera-llegada-irlanda\/\">Cessair and her followers<\/a><\/li>\n\n\n\n<li><a href=\"https:\/\/huellasdelpasado.eu\/en\/partholon-irlanda-mitica\/\">Parthol\u00f3n and his people<\/a><\/li>\n\n\n\n<li><a href=\"https:\/\/huellasdelpasado.eu\/en\/nemed-y-los-nemedianos\/\">Nemed and the Nemedians<\/a><\/li>\n\n\n\n<li><a href=\"https:\/\/huellasdelpasado.eu\/en\/fir-bolg-irlanda\/\">the Fir Bolg<\/a><\/li>\n\n\n\n<li>the Tuatha D\u00e9 Danann<\/li>\n\n\n\n<li>the Milesians<\/li>\n<\/ul>\n\n\n<style>.kb-image2450_4aa831-43 .kb-image-has-overlay:after{opacity:0.3;}<\/style>\n<div class=\"wp-block-kadence-image kb-image2450_4aa831-43\"><figure class=\"aligncenter size-medium_large\"><a href=\"https:\/\/huellasdelpasado.eu\/wp-content\/uploads\/2026\/06\/invasiones-de-irlanda.png\" class=\"kb-advanced-image-link\" aria-label=\"mapa-invasiones-de-irlanda\"><img loading=\"lazy\" decoding=\"async\" width=\"768\" height=\"615\" src=\"https:\/\/huellasdelpasado.eu\/wp-content\/uploads\/2026\/06\/invasiones-de-irlanda-768x615.png\" alt=\"Mapa legendario de Irlanda mostrando las llegadas de los distintos pueblos m\u00edticos descritos en el Lebor Gab\u00e1la \u00c9renn\" class=\"kb-img wp-image-2525\" srcset=\"https:\/\/huellasdelpasado.eu\/wp-content\/uploads\/2026\/06\/invasiones-de-irlanda-768x615.png 768w, https:\/\/huellasdelpasado.eu\/wp-content\/uploads\/2026\/06\/invasiones-de-irlanda-300x240.png 300w, https:\/\/huellasdelpasado.eu\/wp-content\/uploads\/2026\/06\/invasiones-de-irlanda-1024x819.png 1024w, https:\/\/huellasdelpasado.eu\/wp-content\/uploads\/2026\/06\/invasiones-de-irlanda-15x12.png 15w, https:\/\/huellasdelpasado.eu\/wp-content\/uploads\/2026\/06\/invasiones-de-irlanda.png 1402w\" sizes=\"auto, (max-width: 768px) 100vw, 768px\" \/><\/a><\/figure><\/div>\n\n\n\n<p class=\"wp-block-paragraph\">Each of them represents a new invasion, a new conquest, and a new transformation of the Irish world.<\/p>\n\n\n\n<h2 class=\"wp-block-heading\">The Tuatha D\u00e9 Danann and the Milesians<\/h2>\n\n\n\n<p class=\"wp-block-paragraph\">Two of the most important peoples in the narrative are the Tuatha D\u00e9 Danann and the Milesians.<\/p>\n\n\n\n<p class=\"wp-block-paragraph\">The Tuatha D\u00e9 Danann are portrayed as extraordinary beings associated with magic, wisdom, and the ancient gods of Ireland.\nAfter them come the Milesians, regarded as the mythical ancestors of the Irish people.<\/p>\n\n\n\n<p class=\"wp-block-paragraph\">La victoria de los Milesios marca uno de los momentos m\u00e1s importantes de toda la tradici\u00f3n irlandesa. Despu\u00e9s de su derrota, los Tuatha D\u00e9 Danann abandonan el mundo visible y pasan a habitar los <a href=\"https:\/\/huellasdelpasado.eu\/en\/los-sidhe-y-las-puertas-al-otro-mundo\/\">s\u00eddhe hill <\/a>y los territorios del <a href=\"https:\/\/huellasdelpasado.eu\/en\/otro-mundo-celta-luagres\/\">Otherworld<\/a>.<\/p>\n\n\n\n<p class=\"wp-block-paragraph\">This episode provides the legendary origin of many of the supernatural beings that would later become known as the Aos S\u00ed.<\/p>\n\n\n\n<h2 class=\"wp-block-heading\">History or Mythology?<\/h2>\n\n\n\n<p class=\"wp-block-paragraph\">Modern historians regard the <em>Lebor Gab\u00e1la \u00c9renn<\/em> as a mythological and literary work rather than a reliable historical account. Its importance, however, is immense.<\/p>\n\n\n\n<p class=\"wp-block-paragraph\">For centuries, it helped medieval Irish society understand its own origins and place its history within a broader vision of the world.<\/p>\n\n\n\n<p class=\"wp-block-paragraph\">It also preserves numerous elements drawn from much older traditions that likely predate the arrival of Christianity.<\/p>\n\n\n\n<p class=\"wp-block-paragraph\">For this reason, the <em>Lebor Gab\u00e1la \u00c9renn<\/em> remains one of the fundamental sources for the study of Irish mythology.<\/p>\n\n\n\n<h2 class=\"wp-block-heading\">A Gateway to Legendary Ireland<\/h2>\n\n\n\n<p class=\"wp-block-paragraph\">More than just a book, the <em>Lebor Gab\u00e1la \u00c9renn<\/em> is the great foundation narrative of mythical Ireland.<\/p>\n\n\n\n<p class=\"wp-block-paragraph\">Its pages are filled with gods, heroes, invasions, battles, kings, and supernatural peoples.\nMany of the best-known stories of Irish tradition either originate in this work or find their explanation within it.<\/p>\n\n\n\n<p class=\"wp-block-paragraph\">To understand the <em>Lebor Gab\u00e1la \u00c9renn<\/em> is, therefore, to understand the starting point of much of Irish Celtic mythology.<\/p>\n\n\n<style>.kb-image2450_471210-0c .kb-image-has-overlay:after{opacity:0.3;}<\/style>\n<div class=\"wp-block-kadence-image kb-image2450_471210-0c\"><figure class=\"aligncenter size-medium_large\"><a href=\"https:\/\/huellasdelpasado.eu\/wp-content\/uploads\/2026\/06\/monjes-compilando-leyendas-historia.png\" class=\"kb-advanced-image-link\" aria-label=\"monjes-irlandeses-compiladores\"><img loading=\"lazy\" decoding=\"async\" width=\"768\" height=\"512\" src=\"https:\/\/huellasdelpasado.eu\/wp-content\/uploads\/2026\/06\/monjes-compilando-leyendas-historia-768x512.png\" alt=\"Monjes irlandeses copiando manuscritos en un scriptorium medieval iluminado por velas\" class=\"kb-img wp-image-2533\" srcset=\"https:\/\/huellasdelpasado.eu\/wp-content\/uploads\/2026\/06\/monjes-compilando-leyendas-historia-768x512.png 768w, https:\/\/huellasdelpasado.eu\/wp-content\/uploads\/2026\/06\/monjes-compilando-leyendas-historia-300x200.png 300w, https:\/\/huellasdelpasado.eu\/wp-content\/uploads\/2026\/06\/monjes-compilando-leyendas-historia-1024x683.png 1024w, https:\/\/huellasdelpasado.eu\/wp-content\/uploads\/2026\/06\/monjes-compilando-leyendas-historia-18x12.png 18w, https:\/\/huellasdelpasado.eu\/wp-content\/uploads\/2026\/06\/monjes-compilando-leyendas-historia.png 1536w\" sizes=\"auto, (max-width: 768px) 100vw, 768px\" \/><\/a><\/figure><\/div>\n\n\n\n<h2 class=\"wp-block-heading\">Curiosities<\/h2>\n\n\n\n<h3 class=\"wp-block-heading\">There Is No Single Version<\/h3>\n\n\n\n<p class=\"wp-block-paragraph\">Irish mythology is not preserved in a single book or a single definitive version. Instead, it survives through a vast network of medieval manuscripts.&nbsp;<\/p>\n\n\n\n<p class=\"wp-block-paragraph\">The versions that have come down to us contain differences, additions, and modifications introduced by various scribes over the centuries.<\/p>\n\n\n\n<p class=\"wp-block-paragraph\">Among the most important are:<\/p>\n\n\n\n<ul class=\"wp-block-list\">\n<li>The Book of Leinster (12th century)<\/li>\n\n\n\n<li>The Book of Ballymote (14th century)<\/li>\n\n\n\n<li>The Great Book of Lecan (14th\u201315th centuries)<\/li>\n\n\n\n<li>The Book of Lecan (15th century)<\/li>\n\n\n\n<li>The Yellow Book of Lecan (14th\u201315th centuries)<\/li>\n\n\n\n<li>The Book of Armagh (9th century)<\/li>\n\n\n\n<li>Numerous other smaller manuscripts<\/li>\n<\/ul>\n\n\n\n<h3 class=\"wp-block-heading\">The Book of Leinster (Lebor na N\u00faachongb\u00e1la)<\/h3>\n\n\n\n<p class=\"wp-block-paragraph\">The Book of Leinster is one of the most important surviving medieval Irish manuscripts.<\/p>\n\n\n\n<p class=\"wp-block-paragraph\">It contains one of the versions of the <em>Lebor Gab\u00e1la \u00c9renn<\/em>, but also preserves many of the most significant texts of the Irish tradition, including the celebrated <em>T\u00e1in B\u00f3 C\u00faailnge<\/em>.<\/p>\n\n\n\n<p class=\"wp-block-paragraph\">The <em>T\u00e1in B\u00f3 C\u00faailnge <\/em>T\u00e1in B\u00f3 C\u00faailnge is one of Ireland's great epic legends. Its title is commonly translated as <strong>\"The Cattle Raid of Cooley\" <\/strong>or <strong>\u201cThe Cooley bull robbery\u201d.<\/strong><\/p>\n\n\n\n<p class=\"wp-block-paragraph\">Thanks to manuscripts such as this, an extraordinary wealth of material relating to Irish mythology, literature, and legendary traditions has survived.<\/p>\n\n\n<style>.kb-image2450_f264a6-90 .kb-image-has-overlay:after{opacity:0.3;}<\/style>\n<div class=\"wp-block-kadence-image kb-image2450_f264a6-90\"><figure class=\"aligncenter size-medium_large\"><a href=\"https:\/\/huellasdelpasado.eu\/wp-content\/uploads\/2026\/06\/libro-de-leinster.png\" class=\"kb-advanced-image-link\" aria-label=\"libro-de-leinster\"><img loading=\"lazy\" decoding=\"async\" width=\"768\" height=\"512\" src=\"https:\/\/huellasdelpasado.eu\/wp-content\/uploads\/2026\/06\/libro-de-leinster-768x512.png\" alt=\"Ilustraci\u00f3n del Libro de Leinster., manuscrito medieval  con escritura ga\u00e9lica \" class=\"kb-img wp-image-2527\" srcset=\"https:\/\/huellasdelpasado.eu\/wp-content\/uploads\/2026\/06\/libro-de-leinster-768x512.png 768w, https:\/\/huellasdelpasado.eu\/wp-content\/uploads\/2026\/06\/libro-de-leinster-300x200.png 300w, https:\/\/huellasdelpasado.eu\/wp-content\/uploads\/2026\/06\/libro-de-leinster-1024x683.png 1024w, https:\/\/huellasdelpasado.eu\/wp-content\/uploads\/2026\/06\/libro-de-leinster-18x12.png 18w, https:\/\/huellasdelpasado.eu\/wp-content\/uploads\/2026\/06\/libro-de-leinster.png 1536w\" sizes=\"auto, (max-width: 768px) 100vw, 768px\" \/><\/a><\/figure><\/div>\n\n\n\n<p class=\"wp-block-paragraph\">Today, the manuscript is preserved at Trinity College Dublin.<\/p>\n\n\n\n<p class=\"wp-block-paragraph\">The original is not permanently displayed because of the special conservation conditions it requires, although it can be consulted digitally alongside many of the institution's other historic collections.<\/p>\n\n\n\n<h2 class=\"wp-block-heading\">An Ireland Connected to the Bible<\/h2>\n\n\n\n<p class=\"wp-block-paragraph\">Medieval authors sought to link Ireland's mythical peoples with the descendants of Noah and other biblical figures.<\/p>\n\n\n\n<p class=\"wp-block-paragraph\">In doing so, they integrated Ireland's ancient traditions into the Christian vision of universal history.<\/p>\n\n\n\n<h3 class=\"wp-block-heading\">The Book of Kells<\/h3>\n\n\n\n<p class=\"wp-block-paragraph\">Created between the 8th and 9th centuries, the Book of Kells is probably the most famous Irish Christian manuscript in the world.&nbsp;<\/p>\n\n\n\n<p class=\"wp-block-paragraph\">It contains the Four Gospels of the New Testament and is celebrated for:<\/p>\n\n\n\n<ul class=\"wp-block-list\">\n<li>its magnificent illustrations<\/li>\n\n\n\n<li>its richly decorated lettering<\/li>\n\n\n\n<li>its Celtic-Christian Insular art<\/li>\n\n\n\n<li>its extraordinary artistic achievement<\/li>\n<\/ul>\n\n\n\n<p class=\"wp-block-paragraph\">Although its contents are Christian rather than mythological, its pages display a strong influence from Irish Celtic artistic traditions, featuring intricate spirals, Celtic knotwork, and characteristic decorative motifs.<\/p>\n\n\n\n<p class=\"wp-block-paragraph\">Today, it is preserved and exhibited at the Library of Trinity College Dublin.<\/p>\n\n\n<style>.wp-block-kadence-advancedgallery.kb-gallery-wrap-id-2450_f89077-77{overflow:hidden;}.kb-gallery-id-2450_f89077-77 .kadence-blocks-gallery-item .kb-gal-image-radius, .kb-gallery-id-2450_f89077-77 .kb-slide-item .kb-gal-image-radius img{border-radius:0px 0px 0px 0px;;}.kb-gallery-caption-style-cover-hover.kb-gallery-id-2450_f89077-77 .kadence-blocks-gallery-item .kadence-blocks-gallery-item-inner .kadence-blocks-gallery-item__caption, .kb-gallery-caption-style-below.kb-gallery-id-2450_f89077-77 .kadence-blocks-gallery-item .kadence-blocks-gallery-item-inner .kadence-blocks-gallery-item__caption{background:rgba(0, 0, 0, 0.8);}.kb-gallery-wrap-id-2450_f89077-77.wp-block-kadence-advancedgallery{overflow:visible;}.kb-gallery-wrap-id-2450_f89077-77.wp-block-kadence-advancedgallery .kt-blocks-carousel{overflow:visible;}<\/style><div class=\"kb-gallery-wrap-id-2450_f89077-77 alignnone wp-block-kadence-advancedgallery\"><div class=\"kb-gallery-ul kb-gallery-non-static kb-gallery-type-carousel kb-gallery-id-2450_f89077-77 kb-gallery-caption-style-below kb-gallery-filter-none\" data-image-filter=\"none\" data-lightbox-caption=\"true\"><div class=\"kt-blocks-carousel splide kt-carousel-container-dotstyle-dark kt-carousel-arrowstyle-whiteondark kt-carousel-dotstyle-dark kb-slider-group-arrow kb-slider-arrow-position-center\" data-columns-xxl=\"3\" data-columns-xl=\"3\" data-columns-md=\"3\" data-columns-sm=\"2\" data-columns-xs=\"1\" data-columns-ss=\"1\" data-slider-anim-speed=\"400\" data-slider-scroll=\"1\" data-slider-arrows=\"true\" data-slider-dots=\"true\" data-slider-hover-pause=\"false\" data-slider-auto=\"\" data-slider-speed=\"7000\" data-slider-gap=\"10px\" data-slider-gap-tablet=\"10px\" data-slider-gap-mobile=\"10px\" data-show-pause-button=\"false\" data-slider-label=\"Photo Gallery Carousel\"><div class=\"splide__track\"><ul class=\"kt-blocks-carousel-init kb-gallery-carousel splide__list\"><li class=\"kb-slide-item kb-gallery-carousel-item splide__slide\"><div class=\"kadence-blocks-gallery-item\"><div class=\"kadence-blocks-gallery-item-inner\"><figure class=\"kb-gallery-figure kb-gallery-item-has-link kadence-blocks-gallery-item-has-caption\"><a href=\"https:\/\/huellasdelpasado.eu\/wp-content\/uploads\/2026\/06\/libro-de-kells.png\" class=\"kb-gallery-item-link\"  ><div class=\"kb-gal-image-radius\"><div class=\"kb-gallery-image-contain kadence-blocks-gallery-intrinsic kb-gallery-image-ratio-inherit kb-has-image-ratio-inherit\" ><img loading=\"lazy\" decoding=\"async\" src=\"https:\/\/huellasdelpasado.eu\/wp-content\/uploads\/2026\/06\/libro-de-kells-683x1024.png\" width=\"683\" height=\"1024\" alt=\"Ilustraci\u00f3n inspirada en el Libro de Kells\" data-full-image=\"https:\/\/huellasdelpasado.eu\/wp-content\/uploads\/2026\/06\/libro-de-kells.png\" data-light-image=\"https:\/\/huellasdelpasado.eu\/wp-content\/uploads\/2026\/06\/libro-de-kells.png\" data-id=\"2529\" class=\"wp-image-2529 skip-lazy\" srcset=\"https:\/\/huellasdelpasado.eu\/wp-content\/uploads\/2026\/06\/libro-de-kells-683x1024.png 683w, https:\/\/huellasdelpasado.eu\/wp-content\/uploads\/2026\/06\/libro-de-kells-200x300.png 200w, https:\/\/huellasdelpasado.eu\/wp-content\/uploads\/2026\/06\/libro-de-kells-768x1152.png 768w, https:\/\/huellasdelpasado.eu\/wp-content\/uploads\/2026\/06\/libro-de-kells-8x12.png 8w, https:\/\/huellasdelpasado.eu\/wp-content\/uploads\/2026\/06\/libro-de-kells.png 1024w\" sizes=\"auto, (max-width: 683px) 100vw, 683px\" \/><\/div><\/div><div class=\"kadence-blocks-gallery-item__caption\">Cover of the Book of Kells<\/div><\/a><\/figure><\/div><\/div><\/li><li class=\"kb-slide-item kb-gallery-carousel-item splide__slide\"><div class=\"kadence-blocks-gallery-item\"><div class=\"kadence-blocks-gallery-item-inner\"><figure class=\"kb-gallery-figure kb-gallery-item-has-link kadence-blocks-gallery-item-has-caption\"><a href=\"https:\/\/huellasdelpasado.eu\/wp-content\/uploads\/2026\/06\/libro-kells-ilustracion.png\" class=\"kb-gallery-item-link\"  ><div class=\"kb-gal-image-radius\"><div class=\"kb-gallery-image-contain kadence-blocks-gallery-intrinsic kb-gallery-image-ratio-inherit kb-has-image-ratio-inherit\" ><img loading=\"lazy\" decoding=\"async\" src=\"https:\/\/huellasdelpasado.eu\/wp-content\/uploads\/2026\/06\/libro-kells-ilustracion-819x1024.png\" width=\"819\" height=\"1024\" alt=\"P\u00e1gina del Libro de Kells con s\u00edmbolos cristianos, motivos celtas y elaborados detalles art\u00edsticos representaci\u00f3n simb\u00f3lica de los cuatro evangelistas (Tetramorfos)\" data-full-image=\"https:\/\/huellasdelpasado.eu\/wp-content\/uploads\/2026\/06\/libro-kells-ilustracion.png\" data-light-image=\"https:\/\/huellasdelpasado.eu\/wp-content\/uploads\/2026\/06\/libro-kells-ilustracion.png\" data-id=\"2530\" class=\"wp-image-2530 skip-lazy\" srcset=\"https:\/\/huellasdelpasado.eu\/wp-content\/uploads\/2026\/06\/libro-kells-ilustracion-819x1024.png 819w, https:\/\/huellasdelpasado.eu\/wp-content\/uploads\/2026\/06\/libro-kells-ilustracion-240x300.png 240w, https:\/\/huellasdelpasado.eu\/wp-content\/uploads\/2026\/06\/libro-kells-ilustracion-768x960.png 768w, https:\/\/huellasdelpasado.eu\/wp-content\/uploads\/2026\/06\/libro-kells-ilustracion-10x12.png 10w, https:\/\/huellasdelpasado.eu\/wp-content\/uploads\/2026\/06\/libro-kells-ilustracion.png 1122w\" sizes=\"auto, (max-width: 819px) 100vw, 819px\" \/><\/div><\/div><div class=\"kadence-blocks-gallery-item__caption\">Page 27v of the Book of Kells<\/div><\/a><\/figure><\/div><\/div><\/li><li class=\"kb-slide-item kb-gallery-carousel-item splide__slide\"><div class=\"kadence-blocks-gallery-item\"><div class=\"kadence-blocks-gallery-item-inner\"><figure class=\"kb-gallery-figure kb-gallery-item-has-link kadence-blocks-gallery-item-has-caption\"><a href=\"https:\/\/huellasdelpasado.eu\/wp-content\/uploads\/2026\/06\/ilustracion-libro-kells.png\" class=\"kb-gallery-item-link\"  ><div class=\"kb-gal-image-radius\"><div class=\"kb-gallery-image-contain kadence-blocks-gallery-intrinsic kb-gallery-image-ratio-inherit kb-has-image-ratio-inherit\" ><img loading=\"lazy\" decoding=\"async\" src=\"https:\/\/huellasdelpasado.eu\/wp-content\/uploads\/2026\/06\/ilustracion-libro-kells-1024x768.png\" width=\"1024\" height=\"768\" alt=\"Ilustraci\u00f3n de la Virgen con el Ni\u00f1o con escritura decorada, figuras religiosas y complejos nudos celtas en el Libro de Kells\" data-full-image=\"https:\/\/huellasdelpasado.eu\/wp-content\/uploads\/2026\/06\/ilustracion-libro-kells.png\" data-light-image=\"https:\/\/huellasdelpasado.eu\/wp-content\/uploads\/2026\/06\/ilustracion-libro-kells.png\" data-id=\"2531\" class=\"wp-image-2531 skip-lazy\" srcset=\"https:\/\/huellasdelpasado.eu\/wp-content\/uploads\/2026\/06\/ilustracion-libro-kells-1024x768.png 1024w, https:\/\/huellasdelpasado.eu\/wp-content\/uploads\/2026\/06\/ilustracion-libro-kells-300x225.png 300w, https:\/\/huellasdelpasado.eu\/wp-content\/uploads\/2026\/06\/ilustracion-libro-kells-768x576.png 768w, https:\/\/huellasdelpasado.eu\/wp-content\/uploads\/2026\/06\/ilustracion-libro-kells-16x12.png 16w, https:\/\/huellasdelpasado.eu\/wp-content\/uploads\/2026\/06\/ilustracion-libro-kells.png 1448w\" sizes=\"auto, (max-width: 1024px) 100vw, 1024px\" \/><\/div><\/div><div class=\"kadence-blocks-gallery-item__caption\">Page from the Book of Kells of the Virgin with Child<\/div><\/a><\/figure><\/div><\/div><\/li><\/ul><\/div><\/div><\/div><\/div>\n\n\n<p class=\"wp-block-paragraph\">Other important Christian manuscripts include:<\/p>\n\n\n\n<ul class=\"wp-block-list\">\n<li>the Book of Dimma<\/li>\n\n\n\n<li>the Book of Durrow<\/li>\n<\/ul>\n\n\n\n<h2 class=\"wp-block-heading\">The Foundation of Many Later Traditions<\/h2>\n\n\n\n<p class=\"wp-block-paragraph\">Many of the stories surrounding the Tuatha D\u00e9 Danann, the Milesians, the mythical invasions, and the origins of the Aos S\u00ed find their context within the <em>Lebor Gab\u00e1la \u00c9renn<\/em>.<\/p>\n\n\n\n<p class=\"wp-block-paragraph\">For this reason, it remains one of the most frequently cited sources in the study of Irish mythology.<\/p>\n\n\n\n<h2 class=\"wp-block-heading\">A Book Between History and Myth<\/h2>\n\n\n\n<p class=\"wp-block-paragraph\">The <em>Lebor Gab\u00e1la \u00c9renn<\/em> does not seek to tell us what Ireland's past was actually like. Instead, it reveals how medieval Irish scholars imagined their own origins.<\/p>\n\n\n\n<p class=\"wp-block-paragraph\">It is a narrative in which memory, legend, and mythology intertwine to create the story of an island inhabited by heroes, gods, and peoples who came from the edges of the known world.<\/p>\n\n\n<style>.wp-block-kadence-advancedgallery.kb-gallery-wrap-id-2450_11c63c-11{overflow:hidden;}.kb-gallery-id-2450_11c63c-11 .kadence-blocks-gallery-item .kb-gal-image-radius, .kb-gallery-id-2450_11c63c-11 .kb-slide-item .kb-gal-image-radius img{border-radius:0px 0px 0px 0px;;}.kb-gallery-caption-style-cover-hover.kb-gallery-id-2450_11c63c-11 .kadence-blocks-gallery-item .kadence-blocks-gallery-item-inner .kadence-blocks-gallery-item__caption, .kb-gallery-caption-style-below.kb-gallery-id-2450_11c63c-11 .kadence-blocks-gallery-item .kadence-blocks-gallery-item-inner .kadence-blocks-gallery-item__caption{background:rgba(0, 0, 0, 0.8);}.kb-gallery-wrap-id-2450_11c63c-11.wp-block-kadence-advancedgallery{overflow:visible;}.kb-gallery-wrap-id-2450_11c63c-11.wp-block-kadence-advancedgallery .kt-blocks-carousel{overflow:visible;}<\/style><div class=\"kb-gallery-wrap-id-2450_11c63c-11 alignnone wp-block-kadence-advancedgallery\"><div class=\"kb-gallery-ul kb-gallery-non-static kb-gallery-type-carousel kb-gallery-id-2450_11c63c-11 kb-gallery-caption-style-below kb-gallery-filter-none\" data-image-filter=\"none\" data-lightbox-caption=\"true\"><div class=\"kt-blocks-carousel splide kt-carousel-container-dotstyle-dark kt-carousel-arrowstyle-whiteondark kt-carousel-dotstyle-dark kb-slider-group-arrow kb-slider-arrow-position-center\" data-columns-xxl=\"2\" data-columns-xl=\"2\" data-columns-md=\"2\" data-columns-sm=\"2\" data-columns-xs=\"1\" data-columns-ss=\"1\" data-slider-anim-speed=\"400\" data-slider-scroll=\"1\" data-slider-arrows=\"true\" data-slider-dots=\"true\" data-slider-hover-pause=\"false\" data-slider-auto=\"\" data-slider-speed=\"7000\" data-slider-gap=\"10px\" data-slider-gap-tablet=\"10px\" data-slider-gap-mobile=\"10px\" data-show-pause-button=\"false\" data-slider-label=\"Photo Gallery Carousel\"><div class=\"splide__track\"><ul class=\"kt-blocks-carousel-init kb-gallery-carousel splide__list\"><li class=\"kb-slide-item kb-gallery-carousel-item splide__slide\"><div class=\"kadence-blocks-gallery-item\"><div class=\"kadence-blocks-gallery-item-inner\"><figure class=\"kb-gallery-figure kb-gallery-item-has-link kadence-blocks-gallery-item-has-caption\"><a href=\"https:\/\/huellasdelpasado.eu\/wp-content\/uploads\/2026\/06\/lebor-gabala-erenn-pagina.png\" class=\"kb-gallery-item-link\"  ><div class=\"kb-gal-image-radius\"><div class=\"kb-gallery-image-contain kadence-blocks-gallery-intrinsic kb-gallery-image-ratio-inherit kb-has-image-ratio-inherit\" ><img loading=\"lazy\" decoding=\"async\" src=\"https:\/\/huellasdelpasado.eu\/wp-content\/uploads\/2026\/06\/lebor-gabala-erenn-pagina-819x1024.png\" width=\"819\" height=\"1024\" alt=\"P\u00e1gina del Lebor Gab\u00e1la \u00c9renn con texto medieval irland\u00e9s. letras decoradas\" data-full-image=\"https:\/\/huellasdelpasado.eu\/wp-content\/uploads\/2026\/06\/lebor-gabala-erenn-pagina.png\" data-light-image=\"https:\/\/huellasdelpasado.eu\/wp-content\/uploads\/2026\/06\/lebor-gabala-erenn-pagina.png\" data-id=\"2535\" class=\"wp-image-2535 skip-lazy\" srcset=\"https:\/\/huellasdelpasado.eu\/wp-content\/uploads\/2026\/06\/lebor-gabala-erenn-pagina-819x1024.png 819w, https:\/\/huellasdelpasado.eu\/wp-content\/uploads\/2026\/06\/lebor-gabala-erenn-pagina-240x300.png 240w, https:\/\/huellasdelpasado.eu\/wp-content\/uploads\/2026\/06\/lebor-gabala-erenn-pagina-768x960.png 768w, https:\/\/huellasdelpasado.eu\/wp-content\/uploads\/2026\/06\/lebor-gabala-erenn-pagina-10x12.png 10w, https:\/\/huellasdelpasado.eu\/wp-content\/uploads\/2026\/06\/lebor-gabala-erenn-pagina.png 1122w\" sizes=\"auto, (max-width: 819px) 100vw, 819px\" \/><\/div><\/div><div class=\"kadence-blocks-gallery-item__caption\">Lebor Gab\u00e1la \u00c9renn, historical manuscript<\/div><\/a><\/figure><\/div><\/div><\/li><li class=\"kb-slide-item kb-gallery-carousel-item splide__slide\"><div class=\"kadence-blocks-gallery-item\"><div class=\"kadence-blocks-gallery-item-inner\"><figure class=\"kb-gallery-figure kb-gallery-item-has-link kadence-blocks-gallery-item-has-caption\"><a href=\"https:\/\/huellasdelpasado.eu\/wp-content\/uploads\/2026\/06\/pagina-lebor-gabala-erenn.png\" class=\"kb-gallery-item-link\"  ><div class=\"kb-gal-image-radius\"><div class=\"kb-gallery-image-contain kadence-blocks-gallery-intrinsic kb-gallery-image-ratio-inherit kb-has-image-ratio-inherit\" ><img loading=\"lazy\" decoding=\"async\" src=\"https:\/\/huellasdelpasado.eu\/wp-content\/uploads\/2026\/06\/pagina-lebor-gabala-erenn-1024x934.png\" width=\"1024\" height=\"934\" alt=\"P\u00e1gina del Lebro Gab\u00e1la \u00c9renn con escritura medieval irlandesa y motivos celtas\" data-full-image=\"https:\/\/huellasdelpasado.eu\/wp-content\/uploads\/2026\/06\/pagina-lebor-gabala-erenn.png\" data-light-image=\"https:\/\/huellasdelpasado.eu\/wp-content\/uploads\/2026\/06\/pagina-lebor-gabala-erenn.png\" data-id=\"2536\" class=\"wp-image-2536 skip-lazy\" srcset=\"https:\/\/huellasdelpasado.eu\/wp-content\/uploads\/2026\/06\/pagina-lebor-gabala-erenn-1024x934.png 1024w, https:\/\/huellasdelpasado.eu\/wp-content\/uploads\/2026\/06\/pagina-lebor-gabala-erenn-300x274.png 300w, https:\/\/huellasdelpasado.eu\/wp-content\/uploads\/2026\/06\/pagina-lebor-gabala-erenn-768x701.png 768w, https:\/\/huellasdelpasado.eu\/wp-content\/uploads\/2026\/06\/pagina-lebor-gabala-erenn-13x12.png 13w, https:\/\/huellasdelpasado.eu\/wp-content\/uploads\/2026\/06\/pagina-lebor-gabala-erenn.png 1313w\" sizes=\"auto, (max-width: 1024px) 100vw, 1024px\" \/><\/div><\/div><div class=\"kadence-blocks-gallery-item__caption\">Lebor Gab\u00e1la \u00c9renn page<\/div><\/a><\/figure><\/div><\/div><\/li><\/ul><\/div><\/div><\/div><\/div>\n\n\n<h2 class=\"wp-block-heading\">Follow the Footprints<\/h2>\n\n\n\n<h3 class=\"wp-block-heading\">Visit It Today...<\/h3>\n\n\n\n<p class=\"wp-block-paragraph\">The <em>Lebor Gab\u00e1la \u00c9renn<\/em> has survived thanks to a number of medieval manuscripts preserved in libraries and archives.&nbsp;<\/p>\n\n\n\n<p class=\"wp-block-paragraph\">Many of the most important are held in:<\/p>\n\n\n\n<ul class=\"wp-block-list\">\n<li>Trinity College Dublin, whose historic <a href=\"https:\/\/www.tcd.ie\/library\/\" target=\"_blank\" rel=\"noopener\"><strong>Old Library<\/strong><\/a> houses some of Ireland's most significant heritage collections and the permanent exhibition of the Book of Kells.<\/li>\n\n\n\n<li><a href=\"https:\/\/www.ria.ie\/\" target=\"_blank\" rel=\"noopener\"><strong>The Royal Irish Academy<\/strong><\/a> , founded in 1785, which preserves an important collection of medieval manuscripts.<\/li>\n\n\n\n<li><a href=\"https:\/\/www.nli.ie\/\" target=\"_blank\" rel=\"noopener\"><strong>The National Library of Ireland<\/strong><\/a><strong>, <\/strong>, founded in 1877.<\/li>\n\n\n\n<li><a href=\"https:\/\/www.bodleian.ox.ac.uk\/libraries\/old-library\" target=\"_blank\" rel=\"noopener\"><strong>The Bodleian Library at the University<\/strong><\/a> of Oxford, one of the oldest libraries in Europe.&nbsp;<\/li>\n\n\n\n<li><a href=\"https:\/\/www.bl.uk\/\" target=\"_blank\" rel=\"noopener\"><strong>The British Library<\/strong><\/a><strong>, <\/strong>, one of the largest libraries in the world and home to countless historical manuscripts.<\/li>\n\n\n\n<li>Various university collections and specialised archives.<\/li>\n<\/ul>","protected":false},"excerpt":{"rendered":"<p>Cuando hablamos de los Tuatha D\u00e9 Danann, los Fomorianos, los Milesios o las antiguas invasiones m\u00edticas de Irlanda, gran parte [&hellip;]<\/p>\n","protected":false},"author":1,"featured_media":2521,"comment_status":"closed","ping_status":"closed","sticky":false,"template":"","format":"standard","meta":{"site-sidebar-layout":"default","site-content-layout":"","ast-site-content-layout":"default","site-content-style":"default","site-sidebar-style":"default","ast-global-header-display":"","ast-banner-title-visibility":"","ast-main-header-display":"","ast-hfb-above-header-display":"","ast-hfb-below-header-display":"","ast-hfb-mobile-header-display":"","site-post-title":"","ast-breadcrumbs-content":"","ast-featured-img":"","footer-sml-layout":"","ast-disable-related-posts":"","theme-transparent-header-meta":"","adv-header-id-meta":"","stick-header-meta":"","header-above-stick-meta":"","header-main-stick-meta":"","header-below-stick-meta":"","astra-migrate-meta-layouts":"default","ast-page-background-enabled":"default","ast-page-background-meta":{"desktop":{"background-color":"var(--ast-global-color-5)","background-image":"","background-repeat":"repeat","background-position":"center center","background-size":"auto","background-attachment":"scroll","background-type":"","background-media":"","overlay-type":"","overlay-color":"","overlay-opacity":"","overlay-gradient":""},"tablet":{"background-color":"","background-image":"","background-repeat":"repeat","background-position":"center center","background-size":"auto","background-attachment":"scroll","background-type":"","background-media":"","overlay-type":"","overlay-color":"","overlay-opacity":"","overlay-gradient":""},"mobile":{"background-color":"","background-image":"","background-repeat":"repeat","background-position":"center center","background-size":"auto","background-attachment":"scroll","background-type":"","background-media":"","overlay-type":"","overlay-color":"","overlay-opacity":"","overlay-gradient":""}},"ast-content-background-meta":{"desktop":{"background-color":"var(--ast-global-color-4)","background-image":"","background-repeat":"repeat","background-position":"center center","background-size":"auto","background-attachment":"scroll","background-type":"","background-media":"","overlay-type":"","overlay-color":"","overlay-opacity":"","overlay-gradient":""},"tablet":{"background-color":"var(--ast-global-color-4)","background-image":"","background-repeat":"repeat","background-position":"center center","background-size":"auto","background-attachment":"scroll","background-type":"","background-media":"","overlay-type":"","overlay-color":"","overlay-opacity":"","overlay-gradient":""},"mobile":{"background-color":"var(--ast-global-color-4)","background-image":"","background-repeat":"repeat","background-position":"center center","background-size":"auto","background-attachment":"scroll","background-type":"","background-media":"","overlay-type":"","overlay-color":"","overlay-opacity":"","overlay-gradient":""}},"footnotes":""},"categories":[43],"tags":[700,336,303,695,697,699,698,194,701,304,702,290],"class_list":["post-2450","post","type-post","status-publish","format-standard","has-post-thumbnail","hentry","category-celta","tag-historia-mitica-de-irlanda","tag-irlanda-antigua","tag-lebor-gabala-erenn","tag-leyendas-de-irlanda","tag-libro-de-las-invasiones-de-irlanda","tag-libro-de-leinster","tag-milesios","tag-mitologia-celta","tag-mitologia-celta-irlandesa","tag-mitologia-irlandesa","tag-origen-de-irlanda","tag-tuatha-de-danann"],"_links":{"self":[{"href":"https:\/\/huellasdelpasado.eu\/en\/wp-json\/wp\/v2\/posts\/2450","targetHints":{"allow":["GET"]}}],"collection":[{"href":"https:\/\/huellasdelpasado.eu\/en\/wp-json\/wp\/v2\/posts"}],"about":[{"href":"https:\/\/huellasdelpasado.eu\/en\/wp-json\/wp\/v2\/types\/post"}],"author":[{"embeddable":true,"href":"https:\/\/huellasdelpasado.eu\/en\/wp-json\/wp\/v2\/users\/1"}],"replies":[{"embeddable":true,"href":"https:\/\/huellasdelpasado.eu\/en\/wp-json\/wp\/v2\/comments?post=2450"}],"version-history":[{"count":19,"href":"https:\/\/huellasdelpasado.eu\/en\/wp-json\/wp\/v2\/posts\/2450\/revisions"}],"predecessor-version":[{"id":3520,"href":"https:\/\/huellasdelpasado.eu\/en\/wp-json\/wp\/v2\/posts\/2450\/revisions\/3520"}],"wp:featuredmedia":[{"embeddable":true,"href":"https:\/\/huellasdelpasado.eu\/en\/wp-json\/wp\/v2\/media\/2521"}],"wp:attachment":[{"href":"https:\/\/huellasdelpasado.eu\/en\/wp-json\/wp\/v2\/media?parent=2450"}],"wp:term":[{"taxonomy":"category","embeddable":true,"href":"https:\/\/huellasdelpasado.eu\/en\/wp-json\/wp\/v2\/categories?post=2450"},{"taxonomy":"post_tag","embeddable":true,"href":"https:\/\/huellasdelpasado.eu\/en\/wp-json\/wp\/v2\/tags?post=2450"}],"curies":[{"name":"wp","href":"https:\/\/api.w.org\/{rel}","templated":true}]}}