{"id":2249,"date":"2026-07-27T10:00:00","date_gmt":"2026-07-27T10:00:00","guid":{"rendered":"https:\/\/huellasdelpasado.eu\/?p=2249"},"modified":"2026-09-03T14:04:15","modified_gmt":"2026-09-03T14:04:15","slug":"normandia-origen-normandos","status":"publish","type":"post","link":"https:\/\/huellasdelpasado.eu\/en\/normandia-origen-normandos\/","title":{"rendered":"Normandy: When the Vikings Became the Lords of Europe"},"content":{"rendered":"<style>.kb-image2249_20d151-6b .kb-image-has-overlay:after{opacity:0.3;}<\/style>\n<figure class=\"wp-block-kadence-image kb-image2249_20d151-6b alignfull size-full\"><img loading=\"lazy\" decoding=\"async\" width=\"1536\" height=\"1024\" src=\"https:\/\/huellasdelpasado.eu\/wp-content\/uploads\/2026\/05\/normandia-la-tierra-de-los-hombres-del-norte.png\" alt=\"Barcos vikingos llegando por el r\u00edo Sena al amanecer mientras se establece un primer asentamiento normando en la costa \" class=\"kb-img wp-image-2254\" srcset=\"https:\/\/huellasdelpasado.eu\/wp-content\/uploads\/2026\/05\/normandia-la-tierra-de-los-hombres-del-norte.png 1536w, https:\/\/huellasdelpasado.eu\/wp-content\/uploads\/2026\/05\/normandia-la-tierra-de-los-hombres-del-norte-300x200.png 300w, https:\/\/huellasdelpasado.eu\/wp-content\/uploads\/2026\/05\/normandia-la-tierra-de-los-hombres-del-norte-1024x683.png 1024w, https:\/\/huellasdelpasado.eu\/wp-content\/uploads\/2026\/05\/normandia-la-tierra-de-los-hombres-del-norte-768x512.png 768w, https:\/\/huellasdelpasado.eu\/wp-content\/uploads\/2026\/05\/normandia-la-tierra-de-los-hombres-del-norte-18x12.png 18w\" sizes=\"auto, (max-width: 1536px) 100vw, 1536px\" \/><\/figure>\n\n\n\n<p class=\"wp-block-paragraph\">Hubo un momento en la historia en el que los vikingos dejaron de llegar\u2026y empezaron a quedarse. As\u00ed surgi\u00f3 <strong>Normand\u00eda<\/strong>.<\/p>\n\n\n\n<p class=\"wp-block-paragraph\">On the shores of the Frankish kingdom, amid raids, negotiations, and political strategy, something entirely new emerged: a people who were no longer simply from the North... but who had not ceased to be so either.\nThat is how Normandy was born.<\/p>\n\n\n\n<h2 class=\"wp-block-heading\">From Raiders to Negotiators<\/h2>\n\n\n\n<p class=\"wp-block-paragraph\">During the 9th century, the territories of the West Frankish Kingdom suffered repeated Viking incursions.<\/p>\n\n\n\n<p class=\"wp-block-paragraph\">Its rivers\u2014especially the Seine\u2014had become open routes leading deep into the heart of the kingdom.<\/p>\n\n\n\n<p class=\"wp-block-paragraph\">Paris was besieged. Lands were plundered. Frankish power weakened.<\/p>\n\n\n\n<p class=\"wp-block-paragraph\">But the Vikings were not only warriors; they were also skilled strategists.<\/p>\n\n\n\n<p class=\"wp-block-paragraph\">And within that context, a key figure emerged: <strong>Rollo<\/strong> (Hr\u00f3lfr \/ G\u00f6ngu-Hr\u00f3lfr), baptized as <strong>Hrolf Ganger<\/strong>.<\/p>\n\n\n\n<p class=\"wp-block-paragraph\">A Viking leader whose story lies somewhere between history and legend.<\/p>\n\n\n\n<h2 class=\"wp-block-heading\">The Treaty of 911: The Birth of Normandy<\/h2>\n\n\n\n<p class=\"wp-block-paragraph\">In 911, King Charles III of France\u2014better known as Charles the Simple\u2014made a decision that would change the course of European history.<\/p>\n\n\n\n<p class=\"wp-block-paragraph\">Instead of continuing to fight... he negotiated.<\/p>\n\n\n\n<p class=\"wp-block-paragraph\">The agreement, known as the <strong>Treaty of Saint-Clair-sur-Epte<\/strong>, established something extraordinary:<\/p>\n\n\n\n<p class=\"wp-block-paragraph\">Rollo would receive lands in the region of <em>Neustria<\/em>:<\/p>\n\n\n\n<ul class=\"wp-block-list\">\n<li>He would defend the territory against future Viking attacks.<\/li>\n\n\n\n<li>He would convert to Christianity.<\/li>\n\n\n\n<li>He would swear loyalty to the Frankish king.<\/li>\n<\/ul>\n\n\n<style>.kb-image2249_a2673c-22 .kb-image-has-overlay:after{opacity:0.3;}<\/style>\n<div class=\"wp-block-kadence-image kb-image2249_a2673c-22\"><figure class=\"aligncenter size-medium_large\"><a href=\"https:\/\/huellasdelpasado.eu\/wp-content\/uploads\/2026\/05\/tratado-911-rollo-y-emperador-carlos-el-simple.png\" class=\"kb-advanced-image-link\" aria-label=\"tratado-de-911\"><img loading=\"lazy\" decoding=\"async\" width=\"768\" height=\"512\" src=\"https:\/\/huellasdelpasado.eu\/wp-content\/uploads\/2026\/05\/tratado-911-rollo-y-emperador-carlos-el-simple-768x512.png\" alt=\"Encuentro entre Rollo y Carlos el Simple en un momento de negociaci\u00f3n durante ek tratado de 911, que simboliza el nacimiento pol\u00edtico de Normand\u00eda \" class=\"kb-img wp-image-2255\" srcset=\"https:\/\/huellasdelpasado.eu\/wp-content\/uploads\/2026\/05\/tratado-911-rollo-y-emperador-carlos-el-simple-768x512.png 768w, https:\/\/huellasdelpasado.eu\/wp-content\/uploads\/2026\/05\/tratado-911-rollo-y-emperador-carlos-el-simple-300x200.png 300w, https:\/\/huellasdelpasado.eu\/wp-content\/uploads\/2026\/05\/tratado-911-rollo-y-emperador-carlos-el-simple-1024x683.png 1024w, https:\/\/huellasdelpasado.eu\/wp-content\/uploads\/2026\/05\/tratado-911-rollo-y-emperador-carlos-el-simple-18x12.png 18w, https:\/\/huellasdelpasado.eu\/wp-content\/uploads\/2026\/05\/tratado-911-rollo-y-emperador-carlos-el-simple.png 1536w\" sizes=\"auto, (max-width: 768px) 100vw, 768px\" \/><\/a><\/figure><\/div>\n\n\n\n<p class=\"wp-block-paragraph\">The granted lands gradually became known as Normandy\u2014the \"land of the Northmen\" (Northmen \/ Normanni).<\/p>\n\n\n\n<p class=\"wp-block-paragraph\">El t\u00e9rmino aparece documentado ya entre los siglos IX y X y terminar\u00eda consolid\u00e1ndose para designar la nueva regi\u00f3n.<\/p>\n\n\n\n<h2 class=\"wp-block-heading\">Rollo: The Viking Who Became a Lord<\/h2>\n\n\n\n<p class=\"wp-block-paragraph\">Rollo was probably of Scandinavian origin, with many historical sources identifying him as Danish, while the Norse sagas associate him with Norway.<\/p>\n\n\n\n<p class=\"wp-block-paragraph\">Following the treaty of 911, he embraced Christianity and became integrated into the Frankish political structure.<\/p>\n\n\n\n<p class=\"wp-block-paragraph\">According to some medieval traditions, the agreement may also have included a marriage to Gisela, daughter of the king, although her historical existence remains uncertain.<\/p>\n\n\n\n<p class=\"wp-block-paragraph\">His power base lay in the lower Seine Valley, centred on Rouen.<\/p>\n\n\n\n<p class=\"wp-block-paragraph\">As Lord of Normandy, he:<\/p>\n\n\n\n<ul class=\"wp-block-list\">\n<li>consolidated control over the Seine, a vital economic and military route<\/li>\n\n\n\n<li>granted lands to his followers, creating the foundations of a warrior aristocracy<\/li>\n\n\n\n<li>fortified strategic locations and secured river routes<\/li>\n\n\n\n<li>maintained relative peace with the Franks by honouring the treaty<\/li>\n<\/ul>\n\n\n\n<p class=\"wp-block-paragraph\">Under his leadership, the Vikings settled in Normandy ceased to be invaders... and became a new ruling elite.<\/p>\n\n\n\n<p class=\"wp-block-paragraph\">After his death, sometime between 928 and 933 AD, tradition holds that Rollo was buried in Rouen Cathedral.<\/p>\n\n\n\n<p class=\"wp-block-paragraph\">Over time, his tomb was relocated and rebuilt.&nbsp;<\/p>\n\n\n\n<p class=\"wp-block-paragraph\">And his memory was reinterpreted, presenting him as a Christian Norman prince.<\/p>\n\n\n<style>.wp-block-kadence-advancedgallery.kb-gallery-wrap-id-2249_0c8e9c-12{overflow:hidden;}.kb-gallery-id-2249_0c8e9c-12 .kadence-blocks-gallery-item .kb-gal-image-radius, .kb-gallery-id-2249_0c8e9c-12 .kb-slide-item .kb-gal-image-radius img{border-radius:0px 0px 0px 0px;;}.kb-gallery-caption-style-cover-hover.kb-gallery-id-2249_0c8e9c-12 .kadence-blocks-gallery-item .kadence-blocks-gallery-item-inner .kadence-blocks-gallery-item__caption, .kb-gallery-caption-style-below.kb-gallery-id-2249_0c8e9c-12 .kadence-blocks-gallery-item .kadence-blocks-gallery-item-inner .kadence-blocks-gallery-item__caption{background:rgba(0, 0, 0, 0.8);}.kb-gallery-wrap-id-2249_0c8e9c-12.wp-block-kadence-advancedgallery{overflow:visible;}.kb-gallery-wrap-id-2249_0c8e9c-12.wp-block-kadence-advancedgallery .kt-blocks-carousel{overflow:visible;}<\/style><div class=\"kb-gallery-wrap-id-2249_0c8e9c-12 alignnone wp-block-kadence-advancedgallery\"><div class=\"kb-gallery-ul kb-gallery-non-static kb-gallery-type-carousel kb-gallery-id-2249_0c8e9c-12 kb-gallery-caption-style-below kb-gallery-filter-none\" data-image-filter=\"none\" data-lightbox-caption=\"true\"><div class=\"kt-blocks-carousel splide kt-carousel-container-dotstyle-dark kt-carousel-arrowstyle-whiteondark kt-carousel-dotstyle-dark kb-slider-group-arrow kb-slider-arrow-position-center\" data-columns-xxl=\"2\" data-columns-xl=\"2\" data-columns-md=\"2\" data-columns-sm=\"2\" data-columns-xs=\"1\" data-columns-ss=\"1\" data-slider-anim-speed=\"400\" data-slider-scroll=\"1\" data-slider-arrows=\"true\" data-slider-dots=\"true\" data-slider-hover-pause=\"false\" data-slider-auto=\"\" data-slider-speed=\"7000\" data-slider-gap=\"10px\" data-slider-gap-tablet=\"10px\" data-slider-gap-mobile=\"10px\" data-show-pause-button=\"false\" data-slider-label=\"Photo Gallery Carousel\"><div class=\"splide__track\"><ul class=\"kt-blocks-carousel-init kb-gallery-carousel splide__list\"><li class=\"kb-slide-item kb-gallery-carousel-item splide__slide\"><div class=\"kadence-blocks-gallery-item\"><div class=\"kadence-blocks-gallery-item-inner\"><figure class=\"kb-gallery-figure kb-gallery-item-has-link kadence-blocks-gallery-item-has-caption\"><a href=\"https:\/\/huellasdelpasado.eu\/wp-content\/uploads\/2026\/05\/rollo-duque-normandia.png\" class=\"kb-gallery-item-link\"  ><div class=\"kb-gal-image-radius\"><div class=\"kb-gallery-image-contain kadence-blocks-gallery-intrinsic kb-gallery-image-ratio-land32 kb-has-image-ratio-land32\" ><img loading=\"lazy\" decoding=\"async\" src=\"https:\/\/huellasdelpasado.eu\/wp-content\/uploads\/2026\/05\/rollo-duque-normandia-1024x819.png\" width=\"1024\" height=\"819\" alt=\"Rollo se\u00f1or de Rouen y primer duque de Normand\u00eda\" data-full-image=\"https:\/\/huellasdelpasado.eu\/wp-content\/uploads\/2026\/05\/rollo-duque-normandia.png\" data-light-image=\"https:\/\/huellasdelpasado.eu\/wp-content\/uploads\/2026\/05\/rollo-duque-normandia.png\" data-id=\"2257\" class=\"wp-image-2257 skip-lazy\" srcset=\"https:\/\/huellasdelpasado.eu\/wp-content\/uploads\/2026\/05\/rollo-duque-normandia-1024x819.png 1024w, https:\/\/huellasdelpasado.eu\/wp-content\/uploads\/2026\/05\/rollo-duque-normandia-300x240.png 300w, https:\/\/huellasdelpasado.eu\/wp-content\/uploads\/2026\/05\/rollo-duque-normandia-768x615.png 768w, https:\/\/huellasdelpasado.eu\/wp-content\/uploads\/2026\/05\/rollo-duque-normandia-15x12.png 15w, https:\/\/huellasdelpasado.eu\/wp-content\/uploads\/2026\/05\/rollo-duque-normandia.png 1402w\" sizes=\"auto, (max-width: 1024px) 100vw, 1024px\" \/><\/div><\/div><div class=\"kadence-blocks-gallery-item__caption\">Rollo, Viking leader, lord of Normandy<\/div><\/a><\/figure><\/div><\/div><\/li><li class=\"kb-slide-item kb-gallery-carousel-item splide__slide\"><div class=\"kadence-blocks-gallery-item\"><div class=\"kadence-blocks-gallery-item-inner\"><figure class=\"kb-gallery-figure kb-gallery-item-has-link kadence-blocks-gallery-item-has-caption\"><a href=\"https:\/\/huellasdelpasado.eu\/wp-content\/uploads\/2026\/05\/tumba-de-rollo.png\" class=\"kb-gallery-item-link\"  ><div class=\"kb-gal-image-radius\"><div class=\"kb-gallery-image-contain kadence-blocks-gallery-intrinsic kb-gallery-image-ratio-land32 kb-has-image-ratio-land32\" ><img loading=\"lazy\" decoding=\"async\" src=\"https:\/\/huellasdelpasado.eu\/wp-content\/uploads\/2026\/05\/tumba-de-rollo-1024x683.png\" width=\"1024\" height=\"683\" alt=\"Tumba de Rollo\" data-full-image=\"https:\/\/huellasdelpasado.eu\/wp-content\/uploads\/2026\/05\/tumba-de-rollo.png\" data-light-image=\"https:\/\/huellasdelpasado.eu\/wp-content\/uploads\/2026\/05\/tumba-de-rollo.png\" data-id=\"2258\" class=\"wp-image-2258 skip-lazy\" srcset=\"https:\/\/huellasdelpasado.eu\/wp-content\/uploads\/2026\/05\/tumba-de-rollo-1024x683.png 1024w, https:\/\/huellasdelpasado.eu\/wp-content\/uploads\/2026\/05\/tumba-de-rollo-300x200.png 300w, https:\/\/huellasdelpasado.eu\/wp-content\/uploads\/2026\/05\/tumba-de-rollo-768x512.png 768w, https:\/\/huellasdelpasado.eu\/wp-content\/uploads\/2026\/05\/tumba-de-rollo-18x12.png 18w, https:\/\/huellasdelpasado.eu\/wp-content\/uploads\/2026\/05\/tumba-de-rollo.png 1536w\" sizes=\"auto, (max-width: 1024px) 100vw, 1024px\" \/><\/div><\/div><div class=\"kadence-blocks-gallery-item__caption\">Rollo's Tomb<\/div><\/a><\/figure><\/div><\/div><\/li><\/ul><\/div><\/div><\/div><\/div>\n\n\n<h2 class=\"wp-block-heading\">The Normans: A New Identity<\/h2>\n\n\n\n<p class=\"wp-block-paragraph\">As generations passed, the descendants of these Vikings gradually changed.<\/p>\n\n\n\n<p class=\"wp-block-paragraph\">They adopted:<\/p>\n\n\n\n<ul class=\"wp-block-list\">\n<li>the local Romance language<\/li>\n\n\n\n<li>Frankish customs<\/li>\n\n\n\n<li>the feudal system<\/li>\n<\/ul>\n\n\n\n<p class=\"wp-block-paragraph\">Yet they preserved something fundamental: their remarkable capacity for expansion.<\/p>\n\n\n\n<p class=\"wp-block-paragraph\">They were no longer exactly Vikings.<\/p>\n\n\n\n<p class=\"wp-block-paragraph\">They had become something new: the Normans.<\/p>\n\n\n\n<h2 class=\"wp-block-heading\">1066: The Conquest of England. In the 11th century<\/h2>\n\n\n\n<p class=\"wp-block-paragraph\">One of Rollo's descendants would once again change history.<\/p>\n\n\n\n<p class=\"wp-block-paragraph\">William the Conqueror, Duke of Normandy, claimed the throne of England.<\/p>\n\n\n\n<p class=\"wp-block-paragraph\">In 1066, following the Battle of Hastings, he defeated the last Anglo-Saxon king, Harold Godwinson (Harold II). William I became King of England, inaugurating the Norman period, which lasted until 1154.&nbsp;<\/p>\n\n\n<style>.wp-block-kadence-advancedgallery.kb-gallery-wrap-id-2249_7d273c-bf{overflow:hidden;}.kb-gallery-id-2249_7d273c-bf .kadence-blocks-gallery-item .kb-gal-image-radius, .kb-gallery-id-2249_7d273c-bf .kb-slide-item .kb-gal-image-radius img{border-radius:0px 0px 0px 0px;;}.kb-gallery-caption-style-cover-hover.kb-gallery-id-2249_7d273c-bf .kadence-blocks-gallery-item .kadence-blocks-gallery-item-inner .kadence-blocks-gallery-item__caption, .kb-gallery-caption-style-below.kb-gallery-id-2249_7d273c-bf .kadence-blocks-gallery-item .kadence-blocks-gallery-item-inner .kadence-blocks-gallery-item__caption{background:rgba(0, 0, 0, 0.8);}.kb-gallery-wrap-id-2249_7d273c-bf.wp-block-kadence-advancedgallery{overflow:visible;}.kb-gallery-wrap-id-2249_7d273c-bf.wp-block-kadence-advancedgallery .kt-blocks-carousel{overflow:visible;}<\/style><div class=\"kb-gallery-wrap-id-2249_7d273c-bf alignnone wp-block-kadence-advancedgallery\"><div class=\"kb-gallery-ul kb-gallery-non-static kb-gallery-type-carousel kb-gallery-id-2249_7d273c-bf kb-gallery-caption-style-below kb-gallery-filter-none\" data-image-filter=\"none\" data-lightbox-caption=\"true\"><div class=\"kt-blocks-carousel splide kt-carousel-container-dotstyle-dark kt-carousel-arrowstyle-whiteondark kt-carousel-dotstyle-dark kb-slider-group-arrow kb-slider-arrow-position-center\" data-columns-xxl=\"2\" data-columns-xl=\"2\" data-columns-md=\"2\" data-columns-sm=\"2\" data-columns-xs=\"1\" data-columns-ss=\"1\" data-slider-anim-speed=\"400\" data-slider-scroll=\"1\" data-slider-arrows=\"true\" data-slider-dots=\"true\" data-slider-hover-pause=\"false\" data-slider-auto=\"\" data-slider-speed=\"7000\" data-slider-gap=\"10px\" data-slider-gap-tablet=\"10px\" data-slider-gap-mobile=\"10px\" data-show-pause-button=\"false\" data-slider-label=\"Photo Gallery Carousel\"><div class=\"splide__track\"><ul class=\"kt-blocks-carousel-init kb-gallery-carousel splide__list\"><li class=\"kb-slide-item kb-gallery-carousel-item splide__slide\"><div class=\"kadence-blocks-gallery-item\"><div class=\"kadence-blocks-gallery-item-inner\"><figure class=\"kb-gallery-figure kb-gallery-item-has-link kadence-blocks-gallery-item-has-caption\"><a href=\"https:\/\/huellasdelpasado.eu\/wp-content\/uploads\/2026\/05\/guillermo-el-conquistador.png\" class=\"kb-gallery-item-link\"  ><div class=\"kb-gal-image-radius\"><div class=\"kb-gallery-image-contain kadence-blocks-gallery-intrinsic kb-gallery-image-ratio-land32 kb-has-image-ratio-land32\" ><img loading=\"lazy\" decoding=\"async\" src=\"https:\/\/huellasdelpasado.eu\/wp-content\/uploads\/2026\/05\/guillermo-el-conquistador-1024x819.png\" width=\"1024\" height=\"819\" alt=\"Retrato inspirado en Guillermo el Conquistador, descendiente de Rollo, duque de Normand\u00eda\" data-full-image=\"https:\/\/huellasdelpasado.eu\/wp-content\/uploads\/2026\/05\/guillermo-el-conquistador.png\" data-light-image=\"https:\/\/huellasdelpasado.eu\/wp-content\/uploads\/2026\/05\/guillermo-el-conquistador.png\" data-id=\"2261\" class=\"wp-image-2261 skip-lazy\" srcset=\"https:\/\/huellasdelpasado.eu\/wp-content\/uploads\/2026\/05\/guillermo-el-conquistador-1024x819.png 1024w, https:\/\/huellasdelpasado.eu\/wp-content\/uploads\/2026\/05\/guillermo-el-conquistador-300x240.png 300w, https:\/\/huellasdelpasado.eu\/wp-content\/uploads\/2026\/05\/guillermo-el-conquistador-768x615.png 768w, https:\/\/huellasdelpasado.eu\/wp-content\/uploads\/2026\/05\/guillermo-el-conquistador-15x12.png 15w, https:\/\/huellasdelpasado.eu\/wp-content\/uploads\/2026\/05\/guillermo-el-conquistador.png 1402w\" sizes=\"auto, (max-width: 1024px) 100vw, 1024px\" \/><\/div><\/div><div class=\"kadence-blocks-gallery-item__caption\">William the Conqueror<\/div><\/a><\/figure><\/div><\/div><\/li><li class=\"kb-slide-item kb-gallery-carousel-item splide__slide\"><div class=\"kadence-blocks-gallery-item\"><div class=\"kadence-blocks-gallery-item-inner\"><figure class=\"kb-gallery-figure kb-gallery-item-has-link kadence-blocks-gallery-item-has-caption\"><a href=\"https:\/\/huellasdelpasado.eu\/wp-content\/uploads\/2026\/05\/batalla-de-hastings.png\" class=\"kb-gallery-item-link\"  ><div class=\"kb-gal-image-radius\"><div class=\"kb-gallery-image-contain kadence-blocks-gallery-intrinsic kb-gallery-image-ratio-land32 kb-has-image-ratio-land32\" ><img loading=\"lazy\" decoding=\"async\" src=\"https:\/\/huellasdelpasado.eu\/wp-content\/uploads\/2026\/05\/batalla-de-hastings-1024x819.png\" width=\"1024\" height=\"819\" alt=\"Caballer\u00eda normando avanzando durante la conquista de Inglaterra por Guillermo el Conquistador\" data-full-image=\"https:\/\/huellasdelpasado.eu\/wp-content\/uploads\/2026\/05\/batalla-de-hastings.png\" data-light-image=\"https:\/\/huellasdelpasado.eu\/wp-content\/uploads\/2026\/05\/batalla-de-hastings.png\" data-id=\"2262\" class=\"wp-image-2262 skip-lazy\" srcset=\"https:\/\/huellasdelpasado.eu\/wp-content\/uploads\/2026\/05\/batalla-de-hastings-1024x819.png 1024w, https:\/\/huellasdelpasado.eu\/wp-content\/uploads\/2026\/05\/batalla-de-hastings-300x240.png 300w, https:\/\/huellasdelpasado.eu\/wp-content\/uploads\/2026\/05\/batalla-de-hastings-768x615.png 768w, https:\/\/huellasdelpasado.eu\/wp-content\/uploads\/2026\/05\/batalla-de-hastings-15x12.png 15w, https:\/\/huellasdelpasado.eu\/wp-content\/uploads\/2026\/05\/batalla-de-hastings.png 1402w\" sizes=\"auto, (max-width: 1024px) 100vw, 1024px\" \/><\/div><\/div><div class=\"kadence-blocks-gallery-item__caption\">Conquest of England. 1066<\/div><\/a><\/figure><\/div><\/div><\/li><\/ul><\/div><\/div><\/div><\/div>\n\n\n<p class=\"wp-block-paragraph\">But this was not merely a conquest. It was a complete transformation:<\/p>\n\n\n\n<ul class=\"wp-block-list\">\n<li>a new ruling elite<\/li>\n\n\n\n<li>the introduction of the Norman feudal system<\/li>\n\n\n\n<li>profound changes in language and culture<\/li>\n<\/ul>\n\n\n\n<p class=\"wp-block-paragraph\">The English language as we know it today still bears the imprint of that moment.<\/p>\n\n\n\n<h2 class=\"wp-block-heading\">The Domesday Book: Measuring a Conquered Kingdom<\/h2>\n\n\n\n<p class=\"wp-block-paragraph\">After conquering England in 1066, William I secured his authority not only through military force but through knowledge.<\/p>\n\n\n\n<p class=\"wp-block-paragraph\">In 1085, he ordered the creation of an unprecedented survey: the <strong>Domesday Book<\/strong>. Its purpose was simple: to know exactly what every part of the kingdom possessed.\nThe result became one of the most comprehensive administrative surveys of the Middle Ages.<\/p>\n\n\n\n<p class=\"wp-block-paragraph\">It recorded:<\/p>\n\n\n\n<ul class=\"wp-block-list\">\n<li>lands<\/li>\n\n\n\n<li>landowners<\/li>\n\n\n\n<li>livestock<\/li>\n\n\n\n<li>mills<\/li>\n\n\n\n<li>resources<\/li>\n\n\n\n<li>economic value<\/li>\n<\/ul>\n\n\n\n<p class=\"wp-block-paragraph\">Each location answered a precise series of questions:<\/p>\n\n\n\n<ul class=\"wp-block-list\">\n<li>who owned it before the conquest<\/li>\n\n\n\n<li>who owned it now<\/li>\n\n\n\n<li>what it had been worth then<\/li>\n\n\n\n<li>what it was worth at the present time<\/li>\n<\/ul>\n\n\n\n<p class=\"wp-block-paragraph\">The survey was divided into two parts:<\/p>\n\n\n\n<ul class=\"wp-block-list\">\n<li>the Great Domesday, a condensed survey covering most of the kingdom<\/li>\n\n\n\n<li>the Little Domesday, a much more detailed record focusing on regions such as Norfolk, Suffolk, and Essex<\/li>\n<\/ul>\n\n\n\n<p class=\"wp-block-paragraph\">Despite its remarkable scope, some important cities, including London and Winchester, were not included.<\/p>\n\n\n\n<p class=\"wp-block-paragraph\">Even so, its level of detail remains extraordinary for its time.<\/p>\n\n\n\n<p class=\"wp-block-paragraph\">The Domesday Book was far more than a register.\nIt enabled the king to understand, organise, and tax every corner of his kingdom.<\/p>\n\n\n<style>.kb-image2249_d3b119-98 .kb-image-has-overlay:after{opacity:0.3;}<\/style>\n<div class=\"wp-block-kadence-image kb-image2249_d3b119-98\"><figure class=\"aligncenter size-medium_large\"><a href=\"https:\/\/huellasdelpasado.eu\/wp-content\/uploads\/2026\/05\/domesday-book.png\" class=\"kb-advanced-image-link\" aria-label=\"domesday-book\"><img loading=\"lazy\" decoding=\"async\" width=\"768\" height=\"512\" src=\"https:\/\/huellasdelpasado.eu\/wp-content\/uploads\/2026\/05\/domesday-book-768x512.png\" alt=\"Interpretaci\u00f3n del Domesday Book, el registro asministrativo medieval m\u00e1s importante de Inglaterra\" class=\"kb-img wp-image-2259\" srcset=\"https:\/\/huellasdelpasado.eu\/wp-content\/uploads\/2026\/05\/domesday-book-768x512.png 768w, https:\/\/huellasdelpasado.eu\/wp-content\/uploads\/2026\/05\/domesday-book-300x200.png 300w, https:\/\/huellasdelpasado.eu\/wp-content\/uploads\/2026\/05\/domesday-book-1024x683.png 1024w, https:\/\/huellasdelpasado.eu\/wp-content\/uploads\/2026\/05\/domesday-book-18x12.png 18w, https:\/\/huellasdelpasado.eu\/wp-content\/uploads\/2026\/05\/domesday-book.png 1536w\" sizes=\"auto, (max-width: 768px) 100vw, 768px\" \/><\/a><\/figure><\/div>\n\n\n\n<p class=\"wp-block-paragraph\">Today it survives almost in its entirety in <em>The National Archives<\/em> (United Kingdom) and remains one of the most complete medieval administrative records preserved in Europe.<\/p>\n\n\n\n<h2 class=\"wp-block-heading\">The Normans in the Mediterranean: The Conquest of Sicily<\/h2>\n\n\n\n<p class=\"wp-block-paragraph\">During the 11th century, Norman adventurers reached the Mediterranean and began a new expansion.<\/p>\n\n\n\n<p class=\"wp-block-paragraph\">Figures such as:<\/p>\n\n\n\n<ul class=\"wp-block-list\">\n<li>Robert Guiscard<\/li>\n\n\n\n<li>Roger I of Hauteville<\/li>\n<\/ul>\n\n\n\n<p class=\"wp-block-paragraph\">led the conquest of southern Italy and Sicily.<\/p>\n\n\n\n<p class=\"wp-block-paragraph\">There they created one of the most remarkable kingdoms of the Middle Ages:<\/p>\n\n\n\n<ul class=\"wp-block-list\">\n<li>Duchy of Apulia and Calabria<\/li>\n\n\n\n<li>County of Sicily<\/li>\n<\/ul>\n\n\n\n<p class=\"wp-block-paragraph\">Unified under Roger II in 1130 as the Kingdom of Sicily<\/p>\n\n\n\n<p class=\"wp-block-paragraph\">The new kingdom became renowned for:&nbsp;<\/p>\n\n\n\n<ul class=\"wp-block-list\">\n<li>its blend of Latin, Greek, and Arab cultures<\/li>\n\n\n\n<li>its unique architecture, especially in Palermo<\/li>\n\n\n\n<li>its advanced political system<\/li>\n<\/ul>\n\n\n<style>.kb-image2249_c5366a-97 .kb-image-has-overlay:after{opacity:0.3;}<\/style>\n<div class=\"wp-block-kadence-image kb-image2249_c5366a-97\"><figure class=\"aligncenter size-medium_large\"><a href=\"https:\/\/huellasdelpasado.eu\/wp-content\/uploads\/2026\/05\/sicilia-normandos.png\" class=\"kb-advanced-image-link\" aria-label=\"palermo-normanda\"><img loading=\"lazy\" decoding=\"async\" width=\"768\" height=\"615\" src=\"https:\/\/huellasdelpasado.eu\/wp-content\/uploads\/2026\/05\/sicilia-normandos-768x615.png\" alt=\"Vista inspirada en Palermo normanda con mezcla de arquitectura latina, \u00e1rabe y bizantina mostrando la expansi\u00f3n normanda en el mediterr\u00e1neo\" class=\"kb-img wp-image-2263\" srcset=\"https:\/\/huellasdelpasado.eu\/wp-content\/uploads\/2026\/05\/sicilia-normandos-768x615.png 768w, https:\/\/huellasdelpasado.eu\/wp-content\/uploads\/2026\/05\/sicilia-normandos-300x240.png 300w, https:\/\/huellasdelpasado.eu\/wp-content\/uploads\/2026\/05\/sicilia-normandos-1024x819.png 1024w, https:\/\/huellasdelpasado.eu\/wp-content\/uploads\/2026\/05\/sicilia-normandos-15x12.png 15w, https:\/\/huellasdelpasado.eu\/wp-content\/uploads\/2026\/05\/sicilia-normandos.png 1402w\" sizes=\"auto, (max-width: 768px) 100vw, 768px\" \/><\/a><\/figure><\/div>\n\n\n\n<p class=\"wp-block-paragraph\">The Normans demonstrated an extraordinary ability to adapt to different societies... and transform that adaptability into power.<\/p>\n\n\n\n<h2 class=\"wp-block-heading\">A Legacy That Redefined Europe<\/h2>\n\n\n\n<p class=\"wp-block-paragraph\">Normandy was not merely a territory. It became a turning point.<\/p>\n\n\n\n<p class=\"wp-block-paragraph\">From there, the descendants of the Vikings:<\/p>\n\n\n\n<ul class=\"wp-block-list\">\n<li>conquered England<\/li>\n\n\n\n<li>founded kingdoms across the Mediterranean<\/li>\n\n\n\n<li>integrated into the wider European political structure<\/li>\n\n\n\n<li>redefined medieval power<\/li>\n<\/ul>\n\n\n\n<p class=\"wp-block-paragraph\">What began as raids... ended in dominion.<\/p>\n\n\n\n<h2 class=\"wp-block-heading\">The Change That Transformed Everything<\/h2>\n\n\n\n<p class=\"wp-block-paragraph\">The Vikings did not disappear. They evolved.<\/p>\n\n\n\n<p class=\"wp-block-paragraph\">They adapted to new lands, new religions, and new political systems... without losing their original drive.<\/p>\n\n\n\n<p class=\"wp-block-paragraph\">Normandy represents that precise moment when the North ceased to be a frontier...and became a centre.<\/p>\n\n\n<style>.kb-image2249_fd7ba8-f2 .kb-image-has-overlay:after{opacity:0.3;}<\/style>\n<div class=\"wp-block-kadence-image kb-image2249_fd7ba8-f2\"><figure class=\"aligncenter size-medium_large\"><a href=\"https:\/\/huellasdelpasado.eu\/wp-content\/uploads\/2026\/05\/nacimiento-normadia-vikinga.png\" class=\"kb-advanced-image-link\" aria-label=\"nacimiento-de-normandia\"><img loading=\"lazy\" decoding=\"async\" width=\"768\" height=\"615\" src=\"https:\/\/huellasdelpasado.eu\/wp-content\/uploads\/2026\/05\/nacimiento-normadia-vikinga-768x615.png\" alt=\"Primer asentamiento vikingo en Normand\u00eda\" class=\"kb-img wp-image-2266\" srcset=\"https:\/\/huellasdelpasado.eu\/wp-content\/uploads\/2026\/05\/nacimiento-normadia-vikinga-768x615.png 768w, https:\/\/huellasdelpasado.eu\/wp-content\/uploads\/2026\/05\/nacimiento-normadia-vikinga-300x240.png 300w, https:\/\/huellasdelpasado.eu\/wp-content\/uploads\/2026\/05\/nacimiento-normadia-vikinga-1024x819.png 1024w, https:\/\/huellasdelpasado.eu\/wp-content\/uploads\/2026\/05\/nacimiento-normadia-vikinga-15x12.png 15w, https:\/\/huellasdelpasado.eu\/wp-content\/uploads\/2026\/05\/nacimiento-normadia-vikinga.png 1402w\" sizes=\"auto, (max-width: 768px) 100vw, 768px\" \/><\/a><\/figure><\/div>\n\n\n\n<h2 class=\"wp-block-heading\">Curiosities<\/h2>\n\n\n\n<p class=\"wp-block-paragraph\">Before the Norman Conquest (1066), England spoke Anglo-Saxon (Old English).<\/p>\n\n\n\n<p class=\"wp-block-paragraph\">After William's victory:<\/p>\n\n\n\n<ul class=\"wp-block-list\">\n<li>the ruling elite spoke Norman French<\/li>\n\n\n\n<li>the Church used Latin<\/li>\n\n\n\n<li>the common people continued speaking Old English<\/li>\n<\/ul>\n\n\n\n<p class=\"wp-block-paragraph\">From this remarkable blend emerged Middle English, the foundation of modern English.<\/p>\n\n\n\n<h2 class=\"wp-block-heading\">From Invaders to Architects of Europe<\/h2>\n\n\n\n<p class=\"wp-block-paragraph\">The Vikings did not merely cross Europe. They reshaped it.<\/p>\n\n\n\n<p class=\"wp-block-paragraph\">And in Normandy, they ceased to be visitors to history...and became its architects.<\/p>\n\n\n\n<p class=\"wp-block-paragraph\">Because sometimes the greatest conquests are achieved not with swords...but with decisions.<\/p>\n\n\n\n<h2 class=\"wp-block-heading\">Follow the Footprints<\/h2>\n\n\n\n<h3 class=\"wp-block-heading\">Visit Today...Normandy<\/h3>\n\n\n\n<p class=\"wp-block-paragraph\">Today it is possible to visit historical parks where the Viking and Norman past come together. Among them are:<\/p>\n\n\n\n<ul class=\"wp-block-list\">\n<li><strong><a href=\"https:\/\/viking.cites-immersives.fr\/fr\/\" target=\"_blank\" rel=\"noopener\">Cit\u00e9 Immersive Viking<\/a><\/strong>(Rouen, France), opened in 2024 on the banks of the Seine, offering an immersive experience into Viking history and the creation of the Duchy of Normandy.<\/li>\n\n\n\n<li><strong><a href=\"https:\/\/www.ornavik.fr\/\" target=\"_blank\" rel=\"noopener\">Parc Historique Ornavik<\/a><\/strong>(H\u00e9rouville-Saint-Clair, near Caen, France), inaugurated in 2011, recreates the transition from the Viking world to Norman society through experimental archaeology, featuring reconstructed dwellings, techniques, and ways of life inspired by historical sources and archaeological discoveries.<\/li>\n<\/ul>\n\n\n\n<h3 class=\"wp-block-heading\">Visit Today\u2026Sicily<\/h3>\n\n\n\n<p class=\"wp-block-paragraph\">Although the Normans are often associated with France and England, their legacy remains vividly present in Sicily.<br>In Palermo, visitors can still admire the <strong>Palace of the Normans<\/strong>, one of the oldest royal residences in Europe, alongside the magnificent <strong>Palatine Chapel<\/strong>, famous for combining dazzling Byzantine mosaics with Islamic and Norman artistic influences.<\/p>\n\n\n\n<p class=\"wp-block-paragraph\">In 2015, UNESCO recognised a group of civil and religious monuments for their outstanding historical and architectural value, including:<\/p>\n\n\n\n<ul class=\"wp-block-list\">\n<li>Palace of the Normans <\/li>\n\n\n\n<li>Zisa Palace<\/li>\n\n\n\n<li>Monreale Cathedral<\/li>\n\n\n\n<li>Palermo Cathedral<\/li>\n\n\n\n<li>Palatine Chapel<\/li>\n\n\n\n<li>San Giovanni degli Eremiti<\/li>\n<\/ul>\n\n\n\n<h3 class=\"wp-block-heading\">His legacy continues in\u2026<\/h3>\n\n\n\n<ul class=\"wp-block-list\">\n<li><strong>F\u00eate des Normands (Normandy)<\/strong>Created in 2013 and celebrated around the Feast of Saint Michael (29 September), the patron saint of the Normans, this regional festival takes place across various towns in Normandy. Inspired by the legacy of Rollo, it celebrates Norman historical identity through markets, local gastronomy, concerts, historical reenactments, and traditional Norman dances.<\/li>\n<\/ul>\n\n\n\n<ul class=\"wp-block-list\">\n<li><strong>Palio dei Normanni (Sicily)<\/strong> Held every year from 12 to 14 August in Piazza Armerina, this spectacular medieval historical reenactment commemorates the arrival of Roger I in Sicily and the Norman period on the island.\nWith more than 600 participants, the city is transformed into a living window onto the 11th century, featuring parades, knights, and equestrian tournaments.<\/li>\n<\/ul>\n\n\n\n<p class=\"wp-block-paragraph\"><\/p>","protected":false},"excerpt":{"rendered":"<p>Hubo un momento en la historia en el que los vikingos dejaron de llegar\u2026y empezaron a quedarse. As\u00ed surgi\u00f3 Normand\u00eda. [&hellip;]<\/p>\n","protected":false},"author":1,"featured_media":2254,"comment_status":"closed","ping_status":"closed","sticky":false,"template":"","format":"standard","meta":{"site-sidebar-layout":"default","site-content-layout":"","ast-site-content-layout":"default","site-content-style":"default","site-sidebar-style":"default","ast-global-header-display":"","ast-banner-title-visibility":"","ast-main-header-display":"","ast-hfb-above-header-display":"","ast-hfb-below-header-display":"","ast-hfb-mobile-header-display":"","site-post-title":"","ast-breadcrumbs-content":"","ast-featured-img":"","footer-sml-layout":"","ast-disable-related-posts":"","theme-transparent-header-meta":"","adv-header-id-meta":"","stick-header-meta":"","header-above-stick-meta":"","header-main-stick-meta":"","header-below-stick-meta":"","astra-migrate-meta-layouts":"default","ast-page-background-enabled":"default","ast-page-background-meta":{"desktop":{"background-color":"var(--ast-global-color-5)","background-image":"","background-repeat":"repeat","background-position":"center center","background-size":"auto","background-attachment":"scroll","background-type":"","background-media":"","overlay-type":"","overlay-color":"","overlay-opacity":"","overlay-gradient":""},"tablet":{"background-color":"","background-image":"","background-repeat":"repeat","background-position":"center center","background-size":"auto","background-attachment":"scroll","background-type":"","background-media":"","overlay-type":"","overlay-color":"","overlay-opacity":"","overlay-gradient":""},"mobile":{"background-color":"","background-image":"","background-repeat":"repeat","background-position":"center center","background-size":"auto","background-attachment":"scroll","background-type":"","background-media":"","overlay-type":"","overlay-color":"","overlay-opacity":"","overlay-gradient":""}},"ast-content-background-meta":{"desktop":{"background-color":"var(--ast-global-color-4)","background-image":"","background-repeat":"repeat","background-position":"center center","background-size":"auto","background-attachment":"scroll","background-type":"","background-media":"","overlay-type":"","overlay-color":"","overlay-opacity":"","overlay-gradient":""},"tablet":{"background-color":"var(--ast-global-color-4)","background-image":"","background-repeat":"repeat","background-position":"center center","background-size":"auto","background-attachment":"scroll","background-type":"","background-media":"","overlay-type":"","overlay-color":"","overlay-opacity":"","overlay-gradient":""},"mobile":{"background-color":"var(--ast-global-color-4)","background-image":"","background-repeat":"repeat","background-position":"center center","background-size":"auto","background-attachment":"scroll","background-type":"","background-media":"","overlay-type":"","overlay-color":"","overlay-opacity":"","overlay-gradient":""}},"footnotes":""},"categories":[37],"tags":[646,640,649,100,639,645,643,634,642,647,641,636,644,648,115,637],"class_list":["post-2249","post","type-post","status-publish","format-standard","has-post-thumbnail","hentry","category-lugares-con-historia","tag-batalla-de-hastings","tag-conquista-normanda-de-inglaterra","tag-domesday-book","tag-edad-media","tag-guillermo-el-conquistador","tag-historia-de-europa","tag-inglaterra-medieval","tag-normandia","tag-normando","tag-palacio-de-los-normandos","tag-reino-de-sicilia-normando","tag-rollo","tag-sicilia-normanda","tag-tratado-911","tag-vikingos","tag-vikingos-en-normandia"],"_links":{"self":[{"href":"https:\/\/huellasdelpasado.eu\/en\/wp-json\/wp\/v2\/posts\/2249","targetHints":{"allow":["GET"]}}],"collection":[{"href":"https:\/\/huellasdelpasado.eu\/en\/wp-json\/wp\/v2\/posts"}],"about":[{"href":"https:\/\/huellasdelpasado.eu\/en\/wp-json\/wp\/v2\/types\/post"}],"author":[{"embeddable":true,"href":"https:\/\/huellasdelpasado.eu\/en\/wp-json\/wp\/v2\/users\/1"}],"replies":[{"embeddable":true,"href":"https:\/\/huellasdelpasado.eu\/en\/wp-json\/wp\/v2\/comments?post=2249"}],"version-history":[{"count":22,"href":"https:\/\/huellasdelpasado.eu\/en\/wp-json\/wp\/v2\/posts\/2249\/revisions"}],"predecessor-version":[{"id":3529,"href":"https:\/\/huellasdelpasado.eu\/en\/wp-json\/wp\/v2\/posts\/2249\/revisions\/3529"}],"wp:featuredmedia":[{"embeddable":true,"href":"https:\/\/huellasdelpasado.eu\/en\/wp-json\/wp\/v2\/media\/2254"}],"wp:attachment":[{"href":"https:\/\/huellasdelpasado.eu\/en\/wp-json\/wp\/v2\/media?parent=2249"}],"wp:term":[{"taxonomy":"category","embeddable":true,"href":"https:\/\/huellasdelpasado.eu\/en\/wp-json\/wp\/v2\/categories?post=2249"},{"taxonomy":"post_tag","embeddable":true,"href":"https:\/\/huellasdelpasado.eu\/en\/wp-json\/wp\/v2\/tags?post=2249"}],"curies":[{"name":"wp","href":"https:\/\/api.w.org\/{rel}","templated":true}]}}